{"id":104,"date":"2010-09-22T11:14:09","date_gmt":"2010-09-22T11:14:09","guid":{"rendered":"http:\/\/localhost:40082\/?p=104"},"modified":"2010-09-22T11:14:09","modified_gmt":"2010-09-22T11:14:09","slug":"pegla-kroz-godine","status":"publish","type":"post","link":"https:\/\/gav.hr\/?p=104","title":{"rendered":"PEGLA KROZ GODINE"},"content":{"rendered":"<p>Pegal je gimanzijski \u0161kolski list koji pod tim nazivom po\u010dinje izlaziti 2003. godine i do sada je obilje\u017eavao sve va\u017ene \u0161kolske doga\u0111aje i pratio na\u0161e u\u010denike na razli\u010ditim dr\u017eavnim, me\u0111unarodni i europskim doga\u0111anjima.<\/p>\n<p>Na zahtjev na\u0161e ravnateljice htjeli smo vam na jedan sa\u017eet na\u010din izdvojiti najva\u017enije Pegline \u010dlanke po\u010dev\u0161i od 2003. god do danas. Tako vam pru\u017eamo uvid u tada\u0161nje generacije, njihovu odje\u0107u, modu, razmi\u0161ljanja, stajali\u0161ta koja su se podosta promjenila.<\/p>\n<p>Ovim \u010dinom tako\u0111er nastojimo popularizirati Peglu i zainteresirati \u0161to ve\u0107i broj u\u010denika koji bi \u017eeljeli postati djelom pegline redakcije pod vodstvom Mile Kundajce, prof. Pru\u017eili smo vam uvid u po\u010detke organizacija Antuna, Vrane\u00a0 i ostalih manifestacija koje su danas sastavim dijelom svake \u0161kolske godine.<\/p>\n<p>Nadamo se da \u0107ete u\u017eivati u kronolo\u0161kom pregledu Pegle i da \u0107ete se priklju\u010diti \u00a0na\u0161oj redakciji.<\/p>\n<p>Ivana Mori\u0107, 3A<\/p>\n<p><img src=\"http:\/\/gimnazija-avrancica-si.skole.hr\/upload\/gimnazija-avrancica-si\/images\/static3\/1330\/Image\/Pegla%20br5%20_%202007.jpg\" alt=\"\" \/><\/p>\n","protected":false},"excerpt":{"rendered":"<p>Pegal je gimanzijski \u0161kolski list koji pod tim nazivom po\u010dinje izlaziti 2003. godine i do sada je obilje\u017eavao sve va\u017ene \u0161kolske doga\u0111aje i pratio na\u0161e u\u010denike na razli\u010ditim dr\u017eavnim, me\u0111unarodni i europskim doga\u0111anjima. Na zahtjev na\u0161e ravnateljice htjeli smo vam na jedan sa\u017eet na\u010din izdvojiti najva\u017enije Pegline \u010dlanke po\u010dev\u0161i od 2003. god do danas. Tako&hellip;<\/p>\n","protected":false},"author":6,"featured_media":0,"comment_status":"closed","ping_status":"closed","sticky":false,"template":"","format":"standard","meta":{"ngg_post_thumbnail":0,"_links_to":"","_links_to_target":""},"categories":[6],"tags":[],"_links":{"self":[{"href":"https:\/\/gav.hr\/index.php?rest_route=\/wp\/v2\/posts\/104"}],"collection":[{"href":"https:\/\/gav.hr\/index.php?rest_route=\/wp\/v2\/posts"}],"about":[{"href":"https:\/\/gav.hr\/index.php?rest_route=\/wp\/v2\/types\/post"}],"author":[{"embeddable":true,"href":"https:\/\/gav.hr\/index.php?rest_route=\/wp\/v2\/users\/6"}],"replies":[{"embeddable":true,"href":"https:\/\/gav.hr\/index.php?rest_route=%2Fwp%2Fv2%2Fcomments&post=104"}],"version-history":[{"count":0,"href":"https:\/\/gav.hr\/index.php?rest_route=\/wp\/v2\/posts\/104\/revisions"}],"wp:attachment":[{"href":"https:\/\/gav.hr\/index.php?rest_route=%2Fwp%2Fv2%2Fmedia&parent=104"}],"wp:term":[{"taxonomy":"category","embeddable":true,"href":"https:\/\/gav.hr\/index.php?rest_route=%2Fwp%2Fv2%2Fcategories&post=104"},{"taxonomy":"post_tag","embeddable":true,"href":"https:\/\/gav.hr\/index.php?rest_route=%2Fwp%2Fv2%2Ftags&post=104"}],"curies":[{"name":"wp","href":"https:\/\/api.w.org\/{rel}","templated":true}]}}