{"id":11263,"date":"2022-08-19T13:33:24","date_gmt":"2022-08-19T11:33:24","guid":{"rendered":"http:\/\/gav.hr\/?p=11263"},"modified":"2022-08-19T13:33:26","modified_gmt":"2022-08-19T11:33:26","slug":"odluka-o-financiranju-obveznih-udzbenika-za-ucenike-srednjih-skola-u-republici-hrvatskoj-za-skolsku-godinu-2022-2023","status":"publish","type":"post","link":"https:\/\/gav.hr\/?p=11263","title":{"rendered":"Odluka o financiranju obveznih ud\u017ebenika za u\u010denike srednjih \u0161kola u Republici Hrvatskoj za \u0161kolsku godinu 2022.\/2023"},"content":{"rendered":"\n<p>Temeljem \u010dlanka 14. Zakona o ud\u017ebenicima i drugim obrazovnim materijalima za osnovnu i srednju \u0161kolu (Narodne novine, broj 116\/2018., od 21. prosinca 2018.) Vlada Republike Hrvatske je na 136. sjednici odr\u017eanoj 28. srpnja 2022. godine donijela Odluku&nbsp;o financiranju obveznih ud\u017ebenika za u\u010denike srednjih \u0161kola u Republici Hrvatskoj za \u0161kolsku godinu 2022.\/2023. sredstvima iz Dr\u017eavnog prora\u010duna Republike Hrvatske&nbsp;(u daljnjem tekstu: odluka) koji su \u010dlanovi ku\u0107anstva koje je korisnik zajam\u010dene minimalne naknade sukladno propisu kojim se ure\u0111uje podru\u010dje socijalne skrbi.<\/p>\n\n\n\n<p>Nadle\u017eni centri za socijalnu skrb podatke o u\u010denicima koji ostvaruju pravo na financiranje ud\u017ebenika za u\u010denike srednjih \u0161kola za \u0161kolsku godinu&nbsp;2022.\/2023.&nbsp;dostavit \u0107e putem aplikacije Ministarstvu znanosti i obrazovanja (u daljnjem tekstu: Ministarstvo).<\/p>\n\n\n\n<p>Korisnici naknada obvezni su centrima za socijalnu skrb dostaviti potvrdu \u0161kole iz koje je jasno vidljivo da je u\u010denik u \u0161k. god.&nbsp;2022.\/2023.&nbsp;upisan prvi puta u odre\u0111eni razred, a za srednje strukovne \u0161kole i program i trajanje programa (zbog odre\u0111ivanja iznosa naknade).<\/p>\n\n\n\n<p>Odlukom je propisano da pravo na financiranje ne ostvaruju u\u010denici:<\/p>\n\n\n\n<p>\u00b7&nbsp;&nbsp;&nbsp;&nbsp;&nbsp;&nbsp;koji ostvaruju pravo na sve obvezne ud\u017ebenike po drugoj osnovi<\/p>\n\n\n\n<p>\u00b7&nbsp;&nbsp;&nbsp;&nbsp;&nbsp;&nbsp;koji ostvaruju pravo na puni nov\u010dani iznos za nabavu obveznih ud\u017ebenika<\/p>\n\n\n\n<p>\u00b7&nbsp;&nbsp;&nbsp;&nbsp;&nbsp;&nbsp;koji ponavljaju razred<\/p>\n\n\n\n<p>te stoga centri njihove podatke za isplatu ne dostavljaju Ministarstvu znanosti i obrazovanja.<\/p>\n\n\n\n<p>U\u010denici s podru\u010dja jedinica lokalne ili podru\u010dne (regionalne) samouprave koje \u0107e za \u0161k. god. 2022.\/2023. osigurati nabavu besplatnih ud\u017ebenika tako\u0111er ne mogu ostvariti pravo na naknadu pa centri za socijalnu skrb njihove podatke tako\u0111er ne upisuju u aplikaciju.<\/p>\n\n\n\n<p>Ministarstvo \u0107e \u0161kolama isplatiti sredstva za nabavu ud\u017ebenika za u\u010denike koji ostvaruju pravo na njihovo financiranje, a \u0161kola ih je du\u017ena nabaviti za svoje u\u010denike. Sredstva za financiranje ud\u017ebenika bit \u0107e ispla\u0107ena \u0161koli na osnovu podataka o u\u010denicima koje nadle\u017eni centar za socijalnu skrb upi\u0161e u aplikaciju Ministarstva. Molimo da fakture za ud\u017ebenike kao dokaz njihove nabave dostavite na e-mail adresu&nbsp;<a href=\"<script>MailGuard('besplatniudzbenici','mzo.hr')<\/script>\" rel=\"noreferrer noopener\" target=\"_blank\"><script>MailGuard('besplatniudzbenici','mzo.hr')<\/script><\/a>.<\/p>\n\n\n\n<p>Sukladno \u010dlanku 14. st. 6. Zakona, ud\u017ebenici financirani sredstvima Dr\u017eavnog prora\u010duna Republike Hrvatske vlasni\u0161tvo su \u0161kole te su ih u\u010denici du\u017eni vratiti \u0161koli na kraju \u0161kolske godine.<\/p>\n\n\n\n<p>Pravo na financiranje ud\u017ebenika u\u010denik srednje \u0161kole ostvaruje za sve ud\u017ebenike za obvezne nastavne predmete za odre\u0111eni program, razred i odjeljenje iz odluke o odabiru ud\u017ebenika za srednju \u0161kolu, razred i odjeljenje koji u\u010denik poha\u0111a koju donosi svaka pojedina \u0161kola i to u iznosu od:<\/p>\n\n\n\n<div class=\"wp-block-image\"><figure class=\"aligncenter size-full is-resized\"><a href=\"http:\/\/gav.hr\/wp-content\/uploads\/2022\/08\/sl1.jpg\"><img loading=\"lazy\" src=\"http:\/\/gav.hr\/wp-content\/uploads\/2022\/08\/sl1.jpg\" alt=\"\" class=\"wp-image-11264\" width=\"292\" height=\"266\" srcset=\"https:\/\/gav.hr\/wp-content\/uploads\/2022\/08\/sl1.jpg 400w, https:\/\/gav.hr\/wp-content\/uploads\/2022\/08\/sl1-300x273.jpg 300w\" sizes=\"(max-width: 292px) 100vw, 292px\" \/><\/a><\/figure><\/div>\n\n\n\n<div class=\"wp-block-image\"><figure class=\"aligncenter size-full is-resized\"><a href=\"http:\/\/gav.hr\/wp-content\/uploads\/2022\/08\/sl2.jpg\"><img loading=\"lazy\" src=\"http:\/\/gav.hr\/wp-content\/uploads\/2022\/08\/sl2.jpg\" alt=\"\" class=\"wp-image-11265\" width=\"279\" height=\"401\" srcset=\"https:\/\/gav.hr\/wp-content\/uploads\/2022\/08\/sl2.jpg 401w, https:\/\/gav.hr\/wp-content\/uploads\/2022\/08\/sl2-209x300.jpg 209w\" sizes=\"(max-width: 279px) 100vw, 279px\" \/><\/a><\/figure><\/div>\n\n\n\n<p>U slu\u010daju potrebe za dodatnim informacijama ili poja\u0161njenjima o provedbi Odluke molimo da nas kontaktirate na adresu elektroni\u010dke po\u0161te\u00a0<a rel=\"noreferrer noopener\" href=\"<script>MailGuard('besplatniudzbenici','mzo.hr')<\/script>\" target=\"_blank\"><script>MailGuard('besplatniudzbenici','mzo.hr')<\/script><\/a>.<\/p>\n","protected":false},"excerpt":{"rendered":"<p>Temeljem \u010dlanka 14. Zakona o ud\u017ebenicima i drugim obrazovnim materijalima za osnovnu i srednju \u0161kolu (Narodne novine, broj 116\/2018., od 21. prosinca 2018.) Vlada Republike Hrvatske je na 136. sjednici odr\u017eanoj 28. srpnja 2022. godine donijela Odluku&nbsp;o financiranju obveznih ud\u017ebenika za u\u010denike srednjih \u0161kola u Republici Hrvatskoj za \u0161kolsku godinu 2022.\/2023. sredstvima iz Dr\u017eavnog prora\u010duna&hellip;<\/p>\n","protected":false},"author":2,"featured_media":0,"comment_status":"closed","ping_status":"closed","sticky":false,"template":"","format":"standard","meta":{"ngg_post_thumbnail":0,"_links_to":"","_links_to_target":""},"categories":[8],"tags":[],"_links":{"self":[{"href":"https:\/\/gav.hr\/index.php?rest_route=\/wp\/v2\/posts\/11263"}],"collection":[{"href":"https:\/\/gav.hr\/index.php?rest_route=\/wp\/v2\/posts"}],"about":[{"href":"https:\/\/gav.hr\/index.php?rest_route=\/wp\/v2\/types\/post"}],"author":[{"embeddable":true,"href":"https:\/\/gav.hr\/index.php?rest_route=\/wp\/v2\/users\/2"}],"replies":[{"embeddable":true,"href":"https:\/\/gav.hr\/index.php?rest_route=%2Fwp%2Fv2%2Fcomments&post=11263"}],"version-history":[{"count":1,"href":"https:\/\/gav.hr\/index.php?rest_route=\/wp\/v2\/posts\/11263\/revisions"}],"predecessor-version":[{"id":11266,"href":"https:\/\/gav.hr\/index.php?rest_route=\/wp\/v2\/posts\/11263\/revisions\/11266"}],"wp:attachment":[{"href":"https:\/\/gav.hr\/index.php?rest_route=%2Fwp%2Fv2%2Fmedia&parent=11263"}],"wp:term":[{"taxonomy":"category","embeddable":true,"href":"https:\/\/gav.hr\/index.php?rest_route=%2Fwp%2Fv2%2Fcategories&post=11263"},{"taxonomy":"post_tag","embeddable":true,"href":"https:\/\/gav.hr\/index.php?rest_route=%2Fwp%2Fv2%2Ftags&post=11263"}],"curies":[{"name":"wp","href":"https:\/\/api.w.org\/{rel}","templated":true}]}}