{"id":11272,"date":"2022-08-31T13:42:17","date_gmt":"2022-08-31T11:42:17","guid":{"rendered":"http:\/\/gav.hr\/?p=11272"},"modified":"2022-08-31T13:42:19","modified_gmt":"2022-08-31T11:42:19","slug":"obavijest-o-pocetku-skolske-godine-2","status":"publish","type":"post","link":"https:\/\/gav.hr\/?p=11272","title":{"rendered":"OBAVIJEST O PO\u010cETKU \u0160KOLSKE GODINE"},"content":{"rendered":"\n<p><strong>Nastava u \u0161kolskoj 2022.\/2023. godini po\u010dinje<\/strong> <strong><u>5. rujna 2022. (ponedjeljak) u 14:00 sati<\/u><\/strong>.<\/p>\n\n\n\n<p><strong>U\u010denici 2. \u2013 4. razreda<\/strong> imaju prva dva sata sat razrednika u navedenim u\u010dionicama. Upis za navedene u\u010denike odr\u017eat \u0107e se\u00a0 prvi nastavni dan (potrebna svjedod\u017eba o prethodno zavr\u0161enom razredu i kopija uplatnice \u2013 posebne aktivnosti i usluga \u0161kole).<\/p>\n\n\n\n<p><strong>U\u010denici 1. razreda<\/strong> u 14:00 sati dolaze u gornju sportsku dvoranu (sve\u010dana dvorana) nakon \u010dega s razrednicima odlaze u navedene u\u010dionice.<\/p>\n\n\n\n<h3 class=\"has-text-align-center\"><strong>RASPORED U\u010cIONICA<\/strong><\/h3>\n\n\n\n<figure class=\"wp-block-table is-style-regular\"><table class=\"has-fixed-layout\"><tbody><tr><td><br>1. a &#8211; u\u010d. br. 2\u00a0\u00a0\u00a0\u00a0\u00a0\u00a0\u00a0\u00a0\u00a0\u00a0\u00a0\u00a0\u00a0\u00a0\u00a0\u00a0\u00a0\u00a0\u00a0\u00a0\u00a0<br>1. b &#8211; u\u010d. br. 3\u00a0\u00a0\u00a0\u00a0\u00a0\u00a0\u00a0\u00a0\u00a0\u00a0\u00a0\u00a0\u00a0\u00a0\u00a0\u00a0\u00a0\u00a0\u00a0\u00a0\u00a0\u00a0\u00a0\u00a0\u00a0\u00a0\u00a0\u00a0\u00a0\u00a0 <br>1. c\/f &#8211; u\u010d. br. 4\u00a0\u00a0\u00a0\u00a0\u00a0\u00a0\u00a0\u00a0\u00a0\u00a0\u00a0\u00a0\u00a0\u00a0\u00a0\u00a0\u00a0\u00a0\u00a0\u00a0\u00a0\u00a0\u00a0\u00a0\u00a0\u00a0\u00a0\u00a0 <br>1. d &#8211; u\u010d. br. 5\u00a0\u00a0\u00a0\u00a0\u00a0\u00a0\u00a0\u00a0\u00a0\u00a0\u00a0\u00a0\u00a0\u00a0\u00a0\u00a0\u00a0\u00a0\u00a0\u00a0\u00a0\u00a0\u00a0\u00a0\u00a0\u00a0\u00a0\u00a0<br>1. e &#8211; u\u010d. br. 9\u00a0\u00a0\u00a0\u00a0\u00a0\u00a0\u00a0\u00a0\u00a0\u00a0\u00a0\u00a0\u00a0\u00a0\u00a0\u00a0\u00a0\u00a0\u00a0\u00a0\u00a0\u00a0\u00a0\u00a0\u00a0\u00a0\u00a0\u00a0\u00a0\u00a0 <\/td><td> 2. a \u2013 u\u010d. br. 12 <br> 2. b \u2013 u\u010d. br. 13 <br> 2. c\/f \u2013 u\u010d. br. 14 <br> 2. d \u2013 u\u010d. br. 15 <br> 2. e \u2013 u\u010d. br. 19 <\/td><\/tr><tr><td><br>3. a \u2013 u\u010d. br. 28\u00a0\u00a0\u00a0\u00a0\u00a0\u00a0\u00a0\u00a0\u00a0\u00a0\u00a0\u00a0\u00a0\u00a0\u00a0\u00a0\u00a0\u00a0\u00a0\u00a0\u00a0\u00a0\u00a0\u00a0\u00a0\u00a0\u00a0 <br>3. b \u2013 u\u010d. br. 23\u00a0\u00a0\u00a0\u00a0\u00a0\u00a0\u00a0\u00a0\u00a0\u00a0\u00a0\u00a0\u00a0\u00a0\u00a0\u00a0\u00a0\u00a0\u00a0\u00a0\u00a0\u00a0\u00a0\u00a0\u00a0\u00a0\u00a0 <br>3. c \u2013 u\u010d. br. 30 \u00a0\u00a0\u00a0\u00a0\u00a0\u00a0\u00a0\u00a0\u00a0\u00a0\u00a0\u00a0\u00a0\u00a0\u00a0\u00a0\u00a0\u00a0\u00a0\u00a0\u00a0\u00a0\u00a0\u00a0\u00a0\u00a0 <br>3. d \u2013 u\u010d. br. 25\u00a0\u00a0\u00a0\u00a0\u00a0\u00a0\u00a0\u00a0\u00a0\u00a0\u00a0\u00a0\u00a0\u00a0\u00a0\u00a0\u00a0\u00a0\u00a0\u00a0\u00a0\u00a0\u00a0\u00a0\u00a0\u00a0\u00a0 <br>3. e \u2013 u\u010d. br\u00a0 26\u00a0 \u00a0\u00a0\u00a0\u00a0\u00a0\u00a0\u00a0\u00a0\u00a0\u00a0\u00a0\u00a0\u00a0\u00a0\u00a0\u00a0\u00a0\u00a0 \u00a0\u00a0\u00a0\u00a0\u00a0<br>3. f \u2013 u\u010d. br. 27\u00a0\u00a0\u00a0\u00a0\u00a0\u00a0\u00a0\u00a0\u00a0\u00a0\u00a0\u00a0\u00a0\u00a0\u00a0\u00a0\u00a0\u00a0\u00a0\u00a0\u00a0\u00a0\u00a0\u00a0\u00a0\u00a0\u00a0<\/td><td> <br> 4. a \u2013 u\u010d. br. 20A <br> 4. b \u2013 u\u010d. br. 22 <br> 4. c \u2013 u\u010d. br. 8 <br> 4. d \u2013 u\u010d. br. 18 <br> 4. e \u2013 u\u010d. br. 29 <br>  4. f \u2013 u\u010d. br. 21 <\/td><\/tr><\/tbody><\/table><\/figure>\n\n\n\n<p>Slijedi primjer uplatnice za upisninu za hrvatske i za strane dr\u017eavljane.<\/p>\n\n\n\n<p><strong>Napomena:<\/strong> <strong>U slu\u010daju da ne prihva\u0107a model ili poziv na broj staviti:<\/strong><\/p>\n\n\n\n<p><strong>Model 00<\/strong><br><strong>Poziv na broj: OIB u\u010denika<\/strong><\/p>\n\n\n\n<figure class=\"wp-block-image size-full\"><a href=\"http:\/\/gav.hr\/wp-content\/uploads\/2022\/08\/UPISNINA_HRV.jpg\"><img loading=\"lazy\" width=\"1007\" height=\"413\" src=\"http:\/\/gav.hr\/wp-content\/uploads\/2022\/08\/UPISNINA_HRV.jpg\" alt=\"\" class=\"wp-image-11273\" srcset=\"https:\/\/gav.hr\/wp-content\/uploads\/2022\/08\/UPISNINA_HRV.jpg 1007w, https:\/\/gav.hr\/wp-content\/uploads\/2022\/08\/UPISNINA_HRV-300x123.jpg 300w, https:\/\/gav.hr\/wp-content\/uploads\/2022\/08\/UPISNINA_HRV-768x315.jpg 768w\" sizes=\"(max-width: 1007px) 100vw, 1007px\" \/><\/a><figcaption>Za hrvatske dr\u017eavljane<\/figcaption><\/figure>\n\n\n\n<figure class=\"wp-block-image size-large\"><a href=\"http:\/\/gav.hr\/wp-content\/uploads\/2022\/08\/UPISNINA_STRANI.jpg\"><img loading=\"lazy\" width=\"1024\" height=\"414\" src=\"http:\/\/gav.hr\/wp-content\/uploads\/2022\/08\/UPISNINA_STRANI-1024x414.jpg\" alt=\"\" class=\"wp-image-11274\" srcset=\"https:\/\/gav.hr\/wp-content\/uploads\/2022\/08\/UPISNINA_STRANI-1024x414.jpg 1024w, https:\/\/gav.hr\/wp-content\/uploads\/2022\/08\/UPISNINA_STRANI-300x121.jpg 300w, https:\/\/gav.hr\/wp-content\/uploads\/2022\/08\/UPISNINA_STRANI-768x310.jpg 768w, https:\/\/gav.hr\/wp-content\/uploads\/2022\/08\/UPISNINA_STRANI.jpg 1097w\" sizes=\"(max-width: 1024px) 100vw, 1024px\" \/><\/a><figcaption>Za strane dr\u017eavljane<\/figcaption><\/figure>\n","protected":false},"excerpt":{"rendered":"<p>Nastava u \u0161kolskoj 2022.\/2023. godini po\u010dinje 5. rujna 2022. (ponedjeljak) u 14:00 sati. U\u010denici 2. \u2013 4. razreda imaju prva dva sata sat razrednika u navedenim u\u010dionicama. Upis za navedene u\u010denike odr\u017eat \u0107e se\u00a0 prvi nastavni dan (potrebna svjedod\u017eba o prethodno zavr\u0161enom razredu i kopija uplatnice \u2013 posebne aktivnosti i usluga \u0161kole). U\u010denici 1. razreda&hellip;<\/p>\n","protected":false},"author":2,"featured_media":0,"comment_status":"closed","ping_status":"closed","sticky":false,"template":"","format":"standard","meta":{"ngg_post_thumbnail":0,"_links_to":"","_links_to_target":""},"categories":[8],"tags":[],"_links":{"self":[{"href":"https:\/\/gav.hr\/index.php?rest_route=\/wp\/v2\/posts\/11272"}],"collection":[{"href":"https:\/\/gav.hr\/index.php?rest_route=\/wp\/v2\/posts"}],"about":[{"href":"https:\/\/gav.hr\/index.php?rest_route=\/wp\/v2\/types\/post"}],"author":[{"embeddable":true,"href":"https:\/\/gav.hr\/index.php?rest_route=\/wp\/v2\/users\/2"}],"replies":[{"embeddable":true,"href":"https:\/\/gav.hr\/index.php?rest_route=%2Fwp%2Fv2%2Fcomments&post=11272"}],"version-history":[{"count":1,"href":"https:\/\/gav.hr\/index.php?rest_route=\/wp\/v2\/posts\/11272\/revisions"}],"predecessor-version":[{"id":11275,"href":"https:\/\/gav.hr\/index.php?rest_route=\/wp\/v2\/posts\/11272\/revisions\/11275"}],"wp:attachment":[{"href":"https:\/\/gav.hr\/index.php?rest_route=%2Fwp%2Fv2%2Fmedia&parent=11272"}],"wp:term":[{"taxonomy":"category","embeddable":true,"href":"https:\/\/gav.hr\/index.php?rest_route=%2Fwp%2Fv2%2Fcategories&post=11272"},{"taxonomy":"post_tag","embeddable":true,"href":"https:\/\/gav.hr\/index.php?rest_route=%2Fwp%2Fv2%2Ftags&post=11272"}],"curies":[{"name":"wp","href":"https:\/\/api.w.org\/{rel}","templated":true}]}}