{"id":1177,"date":"2013-11-01T16:50:17","date_gmt":"2013-11-01T16:50:17","guid":{"rendered":"http:\/\/gav.hr\/?p=1177"},"modified":"2013-11-01T16:50:37","modified_gmt":"2013-11-01T16:50:37","slug":"noc-vjestica","status":"publish","type":"post","link":"https:\/\/gav.hr\/?p=1177","title":{"rendered":"No\u0107 vje\u0161tica"},"content":{"rendered":"<p><b>Ju\u010der je, uo\u010di obilje\u017eavanja No\u0107i vje\u0161tica, u Gimnaziji Antuna Vran\u010di\u0107a odr\u017eano prvo natjecanje u rezbarenju bundeva. <\/b><\/p>\n<p>Devet je razreda odlu\u010dilo sudjelovati u natjecanju, a glasovima triju nastavnica odabrani su pobjednici. Danas je postavljena izlo\u017eba nagra\u0111enih bundeva.Sve je po\u010delo idejom gimnazijskog 2.C razreda (jezi\u010dna gimnazija), koja je realizirana uz podr\u0161ku Vije\u0107a u\u010denika. U\u010denici i nastavnici odu\u0161evljeni su kreativnom izlo\u017ebom natjecateljskog karaktera, koja \u0107e, vjerujemo, postati tradicionalna.<\/p>\n<p><a href=\"http:\/\/www.flickr.com\/photos\/gavhr\/sets\/72157637194622775\/\">Galerija<\/a><\/p>\n<p><strong>Izvor<\/strong> <a href=\"http:\/\/www.sibenik.in\/urbano\/foto-noc-vjestica-u-sibenskoj-gimnaziji\/15451.html\">\u0160ibenik IN<\/a><\/p>\n","protected":false},"excerpt":{"rendered":"<p>Ju\u010der je, uo\u010di obilje\u017eavanja No\u0107i vje\u0161tica, u Gimnaziji Antuna Vran\u010di\u0107a odr\u017eano prvo natjecanje u rezbarenju bundeva. Devet je razreda odlu\u010dilo sudjelovati u natjecanju, a glasovima triju nastavnica odabrani su pobjednici. Danas je postavljena izlo\u017eba nagra\u0111enih bundeva.Sve je po\u010delo idejom gimnazijskog 2.C razreda (jezi\u010dna gimnazija), koja je realizirana uz podr\u0161ku Vije\u0107a u\u010denika. U\u010denici i nastavnici odu\u0161evljeni&hellip;<\/p>\n","protected":false},"author":2,"featured_media":0,"comment_status":"closed","ping_status":"closed","sticky":false,"template":"","format":"standard","meta":{"ngg_post_thumbnail":0,"_links_to":"","_links_to_target":""},"categories":[7,8],"tags":[],"_links":{"self":[{"href":"https:\/\/gav.hr\/index.php?rest_route=\/wp\/v2\/posts\/1177"}],"collection":[{"href":"https:\/\/gav.hr\/index.php?rest_route=\/wp\/v2\/posts"}],"about":[{"href":"https:\/\/gav.hr\/index.php?rest_route=\/wp\/v2\/types\/post"}],"author":[{"embeddable":true,"href":"https:\/\/gav.hr\/index.php?rest_route=\/wp\/v2\/users\/2"}],"replies":[{"embeddable":true,"href":"https:\/\/gav.hr\/index.php?rest_route=%2Fwp%2Fv2%2Fcomments&post=1177"}],"version-history":[{"count":2,"href":"https:\/\/gav.hr\/index.php?rest_route=\/wp\/v2\/posts\/1177\/revisions"}],"predecessor-version":[{"id":1180,"href":"https:\/\/gav.hr\/index.php?rest_route=\/wp\/v2\/posts\/1177\/revisions\/1180"}],"wp:attachment":[{"href":"https:\/\/gav.hr\/index.php?rest_route=%2Fwp%2Fv2%2Fmedia&parent=1177"}],"wp:term":[{"taxonomy":"category","embeddable":true,"href":"https:\/\/gav.hr\/index.php?rest_route=%2Fwp%2Fv2%2Fcategories&post=1177"},{"taxonomy":"post_tag","embeddable":true,"href":"https:\/\/gav.hr\/index.php?rest_route=%2Fwp%2Fv2%2Ftags&post=1177"}],"curies":[{"name":"wp","href":"https:\/\/api.w.org\/{rel}","templated":true}]}}