{"id":1184,"date":"2013-11-19T10:25:55","date_gmt":"2013-11-19T10:25:55","guid":{"rendered":"http:\/\/gav.hr\/?p=1184"},"modified":"2013-12-09T03:31:35","modified_gmt":"2013-12-09T03:31:35","slug":"sjecanje-na-vukovar-2013","status":"publish","type":"post","link":"https:\/\/gav.hr\/?p=1184","title":{"rendered":"Sje\u0107anje na Vukovar 2013."},"content":{"rendered":"<p>U ponedjeljak 18.11.2013. u crtaoni prof. Jasminka Pai\u0107 s u\u010denicima odr\u017eala je predavanje &#8220;Sje\u0107anje na Vukovar&#8221;.<\/p>\n<p><a href=\"http:\/\/gav.hr\/wp-content\/uploads\/2013\/11\/DSCN0325.jpg\"><img loading=\"lazy\" class=\"alignnone size-medium wp-image-1186\" alt=\"DSCN0325\" src=\"http:\/\/gav.hr\/wp-content\/uploads\/2013\/11\/DSCN0325-300x225.jpg\" width=\"300\" height=\"225\" \/><\/a> <a href=\"http:\/\/gav.hr\/wp-content\/uploads\/2013\/11\/DSCN0298.jpg\"><img loading=\"lazy\" class=\"alignnone size-medium wp-image-1185\" alt=\"DSCN0298\" src=\"http:\/\/gav.hr\/wp-content\/uploads\/2013\/11\/DSCN0298-300x225.jpg\" width=\"300\" height=\"225\" \/><\/a><\/p>\n","protected":false},"excerpt":{"rendered":"<p>U ponedjeljak 18.11.2013. u crtaoni prof. Jasminka Pai\u0107 s u\u010denicima odr\u017eala je predavanje &#8220;Sje\u0107anje na Vukovar&#8221;.<\/p>\n","protected":false},"author":3,"featured_media":0,"comment_status":"closed","ping_status":"closed","sticky":false,"template":"","format":"standard","meta":{"ngg_post_thumbnail":0,"_links_to":"","_links_to_target":""},"categories":[15,8],"tags":[],"_links":{"self":[{"href":"https:\/\/gav.hr\/index.php?rest_route=\/wp\/v2\/posts\/1184"}],"collection":[{"href":"https:\/\/gav.hr\/index.php?rest_route=\/wp\/v2\/posts"}],"about":[{"href":"https:\/\/gav.hr\/index.php?rest_route=\/wp\/v2\/types\/post"}],"author":[{"embeddable":true,"href":"https:\/\/gav.hr\/index.php?rest_route=\/wp\/v2\/users\/3"}],"replies":[{"embeddable":true,"href":"https:\/\/gav.hr\/index.php?rest_route=%2Fwp%2Fv2%2Fcomments&post=1184"}],"version-history":[{"count":2,"href":"https:\/\/gav.hr\/index.php?rest_route=\/wp\/v2\/posts\/1184\/revisions"}],"predecessor-version":[{"id":1237,"href":"https:\/\/gav.hr\/index.php?rest_route=\/wp\/v2\/posts\/1184\/revisions\/1237"}],"wp:attachment":[{"href":"https:\/\/gav.hr\/index.php?rest_route=%2Fwp%2Fv2%2Fmedia&parent=1184"}],"wp:term":[{"taxonomy":"category","embeddable":true,"href":"https:\/\/gav.hr\/index.php?rest_route=%2Fwp%2Fv2%2Fcategories&post=1184"},{"taxonomy":"post_tag","embeddable":true,"href":"https:\/\/gav.hr\/index.php?rest_route=%2Fwp%2Fv2%2Ftags&post=1184"}],"curies":[{"name":"wp","href":"https:\/\/api.w.org\/{rel}","templated":true}]}}