{"id":1206,"date":"2013-12-02T07:40:28","date_gmt":"2013-12-02T07:40:28","guid":{"rendered":"http:\/\/gav.hr\/?p=1206"},"modified":"2013-12-09T03:29:27","modified_gmt":"2013-12-09T03:29:27","slug":"predavanje-mr-sc-zdravke-busic","status":"publish","type":"post","link":"https:\/\/gav.hr\/?p=1206","title":{"rendered":"Predavanje mr. sc. Zdravke Bu\u0161i\u0107"},"content":{"rendered":"<p><a href=\"http:\/\/gav.hr\/wp-content\/uploads\/2013\/12\/DSCN0676.jpg\"><img loading=\"lazy\" class=\"alignnone size-medium wp-image-1207\" alt=\"DSCN0676\" src=\"http:\/\/gav.hr\/wp-content\/uploads\/2013\/12\/DSCN0676-300x225.jpg\" width=\"300\" height=\"225\" srcset=\"https:\/\/gav.hr\/wp-content\/uploads\/2013\/12\/DSCN0676-300x225.jpg 300w, https:\/\/gav.hr\/wp-content\/uploads\/2013\/12\/DSCN0676-1024x768.jpg 1024w\" sizes=\"(max-width: 300px) 100vw, 300px\" \/><\/a>\u00a0 \u00a0\u00a0<a href=\"http:\/\/gav.hr\/wp-content\/uploads\/2013\/12\/DSCN0687.jpg\"><img loading=\"lazy\" class=\"alignnone size-medium wp-image-1208\" alt=\"DSCN0687\" src=\"http:\/\/gav.hr\/wp-content\/uploads\/2013\/12\/DSCN0687-300x225.jpg\" width=\"300\" height=\"225\" srcset=\"https:\/\/gav.hr\/wp-content\/uploads\/2013\/12\/DSCN0687-300x225.jpg 300w, https:\/\/gav.hr\/wp-content\/uploads\/2013\/12\/DSCN0687-1024x768.jpg 1024w\" sizes=\"(max-width: 300px) 100vw, 300px\" \/><\/a><\/p>\n<p><a href=\"http:\/\/gav.hr\/wp-content\/uploads\/2013\/12\/DSCN0699.jpg\"><img loading=\"lazy\" class=\"alignnone size-medium wp-image-1210\" alt=\"DSCN0699\" src=\"http:\/\/gav.hr\/wp-content\/uploads\/2013\/12\/DSCN0699-300x225.jpg\" width=\"300\" height=\"225\" \/><\/a>\u00a0 \u00a0\u00a0<a href=\"http:\/\/gav.hr\/wp-content\/uploads\/2013\/12\/DSCN0703.jpg\"><img loading=\"lazy\" class=\"alignnone size-medium wp-image-1209\" alt=\"DSCN0703\" src=\"http:\/\/gav.hr\/wp-content\/uploads\/2013\/12\/DSCN0703-300x225.jpg\" width=\"300\" height=\"225\" srcset=\"https:\/\/gav.hr\/wp-content\/uploads\/2013\/12\/DSCN0703-300x225.jpg 300w, https:\/\/gav.hr\/wp-content\/uploads\/2013\/12\/DSCN0703-1024x768.jpg 1024w\" sizes=\"(max-width: 300px) 100vw, 300px\" \/><\/a><\/p>\n<p><span style=\"font-size: 13px; line-height: 19px;\">U petak 29. studenog 2013. godine zastupnica u Europskom parlamentu mr. sc. Zdravka Bu\u0161i\u0107 i asistent Ante \u0160kugor odr\u017eali su predavanje srednjo\u0161kolcima. Tema predavanja je bila upoznavanje s institucijama Unije i prilike za mlade koje nudi Europska unija.<\/span><\/p>\n","protected":false},"excerpt":{"rendered":"<p>\u00a0 \u00a0\u00a0 \u00a0 \u00a0\u00a0 U petak 29. studenog 2013. godine zastupnica u Europskom parlamentu mr. sc. Zdravka Bu\u0161i\u0107 i asistent Ante \u0160kugor odr\u017eali su predavanje srednjo\u0161kolcima. Tema predavanja je bila upoznavanje s institucijama Unije i prilike za mlade koje nudi Europska unija.<\/p>\n","protected":false},"author":3,"featured_media":0,"comment_status":"closed","ping_status":"closed","sticky":false,"template":"","format":"standard","meta":{"ngg_post_thumbnail":0,"_links_to":"","_links_to_target":""},"categories":[7,8],"tags":[],"_links":{"self":[{"href":"https:\/\/gav.hr\/index.php?rest_route=\/wp\/v2\/posts\/1206"}],"collection":[{"href":"https:\/\/gav.hr\/index.php?rest_route=\/wp\/v2\/posts"}],"about":[{"href":"https:\/\/gav.hr\/index.php?rest_route=\/wp\/v2\/types\/post"}],"author":[{"embeddable":true,"href":"https:\/\/gav.hr\/index.php?rest_route=\/wp\/v2\/users\/3"}],"replies":[{"embeddable":true,"href":"https:\/\/gav.hr\/index.php?rest_route=%2Fwp%2Fv2%2Fcomments&post=1206"}],"version-history":[{"count":2,"href":"https:\/\/gav.hr\/index.php?rest_route=\/wp\/v2\/posts\/1206\/revisions"}],"predecessor-version":[{"id":1236,"href":"https:\/\/gav.hr\/index.php?rest_route=\/wp\/v2\/posts\/1206\/revisions\/1236"}],"wp:attachment":[{"href":"https:\/\/gav.hr\/index.php?rest_route=%2Fwp%2Fv2%2Fmedia&parent=1206"}],"wp:term":[{"taxonomy":"category","embeddable":true,"href":"https:\/\/gav.hr\/index.php?rest_route=%2Fwp%2Fv2%2Fcategories&post=1206"},{"taxonomy":"post_tag","embeddable":true,"href":"https:\/\/gav.hr\/index.php?rest_route=%2Fwp%2Fv2%2Ftags&post=1206"}],"curies":[{"name":"wp","href":"https:\/\/api.w.org\/{rel}","templated":true}]}}