{"id":12158,"date":"2023-06-19T13:43:38","date_gmt":"2023-06-19T11:43:38","guid":{"rendered":"http:\/\/gav.hr\/?p=12158"},"modified":"2023-06-19T13:43:40","modified_gmt":"2023-06-19T11:43:40","slug":"150-godina-rodenja-antuna-gustava-matosa","status":"publish","type":"post","link":"https:\/\/gav.hr\/?p=12158","title":{"rendered":"150 godina ro\u0111enja Antuna Gustava Mato\u0161a"},"content":{"rendered":"\n<p>Povodom obljetnice 150 godina ro\u0111enja Antuna Gustava Mato\u0161a u\u010denice 3. a razreda Gimnazije Antuna Vran\u010di\u0107a tijekom razrednog\/\u0161kolskog projekta &#8220;150 godina ro\u0111enja Antuna Gustava Mato\u0161a&#8221; izradile su prigodni video o zna\u010daju ovog velikog pisca u hrvatskoj knji\u017eevnosti i kulturi.<\/p>\n\n\n\n<figure class=\"wp-block-embed is-type-video is-provider-youtube wp-block-embed-youtube wp-embed-aspect-16-9 wp-has-aspect-ratio\"><div class=\"wp-block-embed__wrapper\">\n<iframe loading=\"lazy\" title=\"150 godina ro\u0111enja Antuna Gustava Mato\u0161a\" width=\"640\" height=\"360\" src=\"https:\/\/www.youtube.com\/embed\/-VU7-sxu7NM?feature=oembed\" frameborder=\"0\" allow=\"accelerometer; autoplay; clipboard-write; encrypted-media; gyroscope; picture-in-picture; web-share\" allowfullscreen><\/iframe>\n<\/div><\/figure>\n","protected":false},"excerpt":{"rendered":"<p>Povodom obljetnice 150 godina ro\u0111enja Antuna Gustava Mato\u0161a u\u010denice 3. a razreda Gimnazije Antuna Vran\u010di\u0107a tijekom razrednog\/\u0161kolskog projekta &#8220;150 godina ro\u0111enja Antuna Gustava Mato\u0161a&#8221; izradile su prigodni video o zna\u010daju ovog velikog pisca u hrvatskoj knji\u017eevnosti i kulturi.<\/p>\n","protected":false},"author":2,"featured_media":0,"comment_status":"closed","ping_status":"closed","sticky":false,"template":"","format":"standard","meta":{"ngg_post_thumbnail":0,"_links_to":"","_links_to_target":""},"categories":[8],"tags":[],"_links":{"self":[{"href":"https:\/\/gav.hr\/index.php?rest_route=\/wp\/v2\/posts\/12158"}],"collection":[{"href":"https:\/\/gav.hr\/index.php?rest_route=\/wp\/v2\/posts"}],"about":[{"href":"https:\/\/gav.hr\/index.php?rest_route=\/wp\/v2\/types\/post"}],"author":[{"embeddable":true,"href":"https:\/\/gav.hr\/index.php?rest_route=\/wp\/v2\/users\/2"}],"replies":[{"embeddable":true,"href":"https:\/\/gav.hr\/index.php?rest_route=%2Fwp%2Fv2%2Fcomments&post=12158"}],"version-history":[{"count":1,"href":"https:\/\/gav.hr\/index.php?rest_route=\/wp\/v2\/posts\/12158\/revisions"}],"predecessor-version":[{"id":12159,"href":"https:\/\/gav.hr\/index.php?rest_route=\/wp\/v2\/posts\/12158\/revisions\/12159"}],"wp:attachment":[{"href":"https:\/\/gav.hr\/index.php?rest_route=%2Fwp%2Fv2%2Fmedia&parent=12158"}],"wp:term":[{"taxonomy":"category","embeddable":true,"href":"https:\/\/gav.hr\/index.php?rest_route=%2Fwp%2Fv2%2Fcategories&post=12158"},{"taxonomy":"post_tag","embeddable":true,"href":"https:\/\/gav.hr\/index.php?rest_route=%2Fwp%2Fv2%2Ftags&post=12158"}],"curies":[{"name":"wp","href":"https:\/\/api.w.org\/{rel}","templated":true}]}}