{"id":12939,"date":"2024-09-26T18:37:28","date_gmt":"2024-09-26T16:37:28","guid":{"rendered":"https:\/\/gav.hr\/?p=12939"},"modified":"2024-09-26T18:37:30","modified_gmt":"2024-09-26T16:37:30","slug":"7-sat-u-knjiznici","status":"publish","type":"post","link":"https:\/\/gav.hr\/?p=12939","title":{"rendered":"7. sat u knji\u017enici"},"content":{"rendered":"\n<p>U\u010denici <a rel=\"noreferrer noopener\" href=\"http:\/\/3.cf\/?fbclid=IwZXh0bgNhZW0CMTAAAR3XzzgCjqyjJ10855v3h4isTXmh2VZ22YjZ4Q4aUy14PBOgIX7gf3QKPeI_aem_t53EVgjQK-O61abpjWpgMQ\" target=\"_blank\">3.cf<\/a> razreda pod mentorstvom profesorice Mile Kundajice posjetili su Gradsku knji\u017enicu &#8220;Juraj \u0160i\u017egori\u0107&#8221; gdje je, uz pjesni\u010dku ve\u010der, otvorena izlo\u017eba radova nastalih na 9. likovnoj koloniji &#8220;Danilo &#8217;24.&#8221; u organizaciji Ogranka Matice hrvatske u \u0160ibeniku. Likovna kolonija odr\u017eana je 14. rujna 2024. u pitoresknom Danilu pokraj \u0160ibenika, zna\u010dajnom arheolo\u0161kom lokalitetu s kontinuitetom naseljenosti od sedam i pol tisu\u0107lje\u0107a.<\/p>\n\n\n\n<figure class=\"wp-block-gallery columns-4 is-cropped\"><ul class=\"blocks-gallery-grid\"><li class=\"blocks-gallery-item\"><figure><a href=\"https:\/\/gav.hr\/wp-content\/uploads\/2024\/09\/459756921_838916295013070_3209717989766687821_n.jpg\"><img loading=\"lazy\" width=\"960\" height=\"720\" src=\"https:\/\/gav.hr\/wp-content\/uploads\/2024\/09\/459756921_838916295013070_3209717989766687821_n.jpg\" alt=\"\" data-id=\"12940\" data-full-url=\"https:\/\/gav.hr\/wp-content\/uploads\/2024\/09\/459756921_838916295013070_3209717989766687821_n.jpg\" data-link=\"https:\/\/gav.hr\/?attachment_id=12940\" class=\"wp-image-12940\" srcset=\"https:\/\/gav.hr\/wp-content\/uploads\/2024\/09\/459756921_838916295013070_3209717989766687821_n.jpg 960w, https:\/\/gav.hr\/wp-content\/uploads\/2024\/09\/459756921_838916295013070_3209717989766687821_n-300x225.jpg 300w, https:\/\/gav.hr\/wp-content\/uploads\/2024\/09\/459756921_838916295013070_3209717989766687821_n-768x576.jpg 768w\" sizes=\"(max-width: 960px) 100vw, 960px\" \/><\/a><\/figure><\/li><li class=\"blocks-gallery-item\"><figure><a href=\"https:\/\/gav.hr\/wp-content\/uploads\/2024\/09\/459834057_838916241679742_8236220180535424752_n.jpg\"><img loading=\"lazy\" width=\"720\" height=\"960\" src=\"https:\/\/gav.hr\/wp-content\/uploads\/2024\/09\/459834057_838916241679742_8236220180535424752_n.jpg\" alt=\"\" data-id=\"12941\" data-full-url=\"https:\/\/gav.hr\/wp-content\/uploads\/2024\/09\/459834057_838916241679742_8236220180535424752_n.jpg\" data-link=\"https:\/\/gav.hr\/?attachment_id=12941\" class=\"wp-image-12941\" srcset=\"https:\/\/gav.hr\/wp-content\/uploads\/2024\/09\/459834057_838916241679742_8236220180535424752_n.jpg 720w, https:\/\/gav.hr\/wp-content\/uploads\/2024\/09\/459834057_838916241679742_8236220180535424752_n-225x300.jpg 225w\" sizes=\"(max-width: 720px) 100vw, 720px\" \/><\/a><\/figure><\/li><li class=\"blocks-gallery-item\"><figure><a href=\"https:\/\/gav.hr\/wp-content\/uploads\/2024\/09\/459799980_838916191679747_2755781538481797424_n.jpg\"><img loading=\"lazy\" width=\"960\" height=\"720\" src=\"https:\/\/gav.hr\/wp-content\/uploads\/2024\/09\/459799980_838916191679747_2755781538481797424_n.jpg\" alt=\"\" data-id=\"12942\" data-full-url=\"https:\/\/gav.hr\/wp-content\/uploads\/2024\/09\/459799980_838916191679747_2755781538481797424_n.jpg\" data-link=\"https:\/\/gav.hr\/?attachment_id=12942\" class=\"wp-image-12942\" srcset=\"https:\/\/gav.hr\/wp-content\/uploads\/2024\/09\/459799980_838916191679747_2755781538481797424_n.jpg 960w, https:\/\/gav.hr\/wp-content\/uploads\/2024\/09\/459799980_838916191679747_2755781538481797424_n-300x225.jpg 300w, https:\/\/gav.hr\/wp-content\/uploads\/2024\/09\/459799980_838916191679747_2755781538481797424_n-768x576.jpg 768w\" sizes=\"(max-width: 960px) 100vw, 960px\" \/><\/a><\/figure><\/li><li class=\"blocks-gallery-item\"><figure><a href=\"https:\/\/gav.hr\/wp-content\/uploads\/2024\/09\/460265732_838916151679751_29993089626965660_n.jpg\"><img loading=\"lazy\" width=\"720\" height=\"960\" src=\"https:\/\/gav.hr\/wp-content\/uploads\/2024\/09\/460265732_838916151679751_29993089626965660_n.jpg\" alt=\"\" data-id=\"12943\" data-full-url=\"https:\/\/gav.hr\/wp-content\/uploads\/2024\/09\/460265732_838916151679751_29993089626965660_n.jpg\" data-link=\"https:\/\/gav.hr\/?attachment_id=12943\" class=\"wp-image-12943\" srcset=\"https:\/\/gav.hr\/wp-content\/uploads\/2024\/09\/460265732_838916151679751_29993089626965660_n.jpg 720w, https:\/\/gav.hr\/wp-content\/uploads\/2024\/09\/460265732_838916151679751_29993089626965660_n-225x300.jpg 225w\" sizes=\"(max-width: 720px) 100vw, 720px\" \/><\/a><\/figure><\/li><\/ul><\/figure>\n","protected":false},"excerpt":{"rendered":"<p>U\u010denici 3.cf razreda pod mentorstvom profesorice Mile Kundajice posjetili su Gradsku knji\u017enicu &#8220;Juraj \u0160i\u017egori\u0107&#8221; gdje je, uz pjesni\u010dku ve\u010der, otvorena izlo\u017eba radova nastalih na 9. likovnoj koloniji &#8220;Danilo &#8217;24.&#8221; u organizaciji Ogranka Matice hrvatske u \u0160ibeniku. Likovna kolonija odr\u017eana je 14. rujna 2024. u pitoresknom Danilu pokraj \u0160ibenika, zna\u010dajnom arheolo\u0161kom lokalitetu s kontinuitetom naseljenosti od&hellip;<\/p>\n","protected":false},"author":2,"featured_media":0,"comment_status":"closed","ping_status":"closed","sticky":false,"template":"","format":"standard","meta":{"ngg_post_thumbnail":0,"_links_to":"","_links_to_target":""},"categories":[8],"tags":[],"_links":{"self":[{"href":"https:\/\/gav.hr\/index.php?rest_route=\/wp\/v2\/posts\/12939"}],"collection":[{"href":"https:\/\/gav.hr\/index.php?rest_route=\/wp\/v2\/posts"}],"about":[{"href":"https:\/\/gav.hr\/index.php?rest_route=\/wp\/v2\/types\/post"}],"author":[{"embeddable":true,"href":"https:\/\/gav.hr\/index.php?rest_route=\/wp\/v2\/users\/2"}],"replies":[{"embeddable":true,"href":"https:\/\/gav.hr\/index.php?rest_route=%2Fwp%2Fv2%2Fcomments&post=12939"}],"version-history":[{"count":1,"href":"https:\/\/gav.hr\/index.php?rest_route=\/wp\/v2\/posts\/12939\/revisions"}],"predecessor-version":[{"id":12944,"href":"https:\/\/gav.hr\/index.php?rest_route=\/wp\/v2\/posts\/12939\/revisions\/12944"}],"wp:attachment":[{"href":"https:\/\/gav.hr\/index.php?rest_route=%2Fwp%2Fv2%2Fmedia&parent=12939"}],"wp:term":[{"taxonomy":"category","embeddable":true,"href":"https:\/\/gav.hr\/index.php?rest_route=%2Fwp%2Fv2%2Fcategories&post=12939"},{"taxonomy":"post_tag","embeddable":true,"href":"https:\/\/gav.hr\/index.php?rest_route=%2Fwp%2Fv2%2Ftags&post=12939"}],"curies":[{"name":"wp","href":"https:\/\/api.w.org\/{rel}","templated":true}]}}