{"id":1294,"date":"2013-12-25T17:40:08","date_gmt":"2013-12-25T17:40:08","guid":{"rendered":"http:\/\/gav.hr\/?p=1294"},"modified":"2013-12-25T17:45:55","modified_gmt":"2013-12-25T17:45:55","slug":"cestitka","status":"publish","type":"post","link":"https:\/\/gav.hr\/?p=1294","title":{"rendered":"\u010cestitka"},"content":{"rendered":"<p><strong><em>Dragi prijatelji,<\/em><\/strong><\/p>\n<p><strong><em>radujmo se zajedno ovim blagdanima, opredijeljeni da slogom, me\u0111usobnim po\u0161tivanjem i ljubavlju za bli\u017enje ispunimo srca i domove.<\/em><\/strong><\/p>\n<p><strong><em>Od sveg srca \u017eelimo vam mir te ispunjenje \u017eelja i nadanja.<\/em><\/strong><\/p>\n<p><strong><em> \u010cestit i blagoslovljen Bo\u017ei\u0107 te sretna i uspje\u0161na Nova 2014. godina!<\/em><\/strong><\/p>\n<p>&nbsp;<\/p>\n<p>Ravnateljica\u00a0\u00a0\u00a0\u00a0\u00a0\u00a0\u00a0\u00a0\u00a0\u00a0\u00a0\u00a0\u00a0\u00a0\u00a0\u00a0\u00a0\u00a0\u00a0\u00a0\u00a0\u00a0\u00a0\u00a0\u00a0\u00a0\u00a0 \u00a0 \u00a0 \u00a0 \u00a0 \u00a0 \u00a0 \u00a0 \u00a0 \u00a0 \u00a0\u00a0\u00a0\u00a0 Gimnazija Antuna Vran\u010di\u0107a<\/p>\n<p>Ivanica Belamari\u0107, prof.\u00a0\u00a0\u00a0\u00a0\u00a0\u00a0\u00a0\u00a0\u00a0\u00a0\u00a0\u00a0\u00a0\u00a0 \u00a0 \u00a0 \u00a0 \u00a0 \u00a0 \u00a0 \u00a0 \u00a0\u00a0 \u00a0\u00a0 \u00a0\u00a0 \u00a0 \u00a0\u00a0 \u00a0 -djelatnici-<\/p>\n<p>&nbsp;<\/p>\n<p>Vije\u0107e u\u010denika GAV<\/p>\n<p>Cvita Dulibi\u0107<\/p>\n","protected":false},"excerpt":{"rendered":"<p>Dragi prijatelji, radujmo se zajedno ovim blagdanima, opredijeljeni da slogom, me\u0111usobnim po\u0161tivanjem i ljubavlju za bli\u017enje ispunimo srca i domove. Od sveg srca \u017eelimo vam mir te ispunjenje \u017eelja i nadanja. \u010cestit i blagoslovljen Bo\u017ei\u0107 te sretna i uspje\u0161na Nova 2014. godina! &nbsp; Ravnateljica\u00a0\u00a0\u00a0\u00a0\u00a0\u00a0\u00a0\u00a0\u00a0\u00a0\u00a0\u00a0\u00a0\u00a0\u00a0\u00a0\u00a0\u00a0\u00a0\u00a0\u00a0\u00a0\u00a0\u00a0\u00a0\u00a0\u00a0 \u00a0 \u00a0 \u00a0 \u00a0 \u00a0 \u00a0 \u00a0 \u00a0 \u00a0 \u00a0\u00a0\u00a0\u00a0 Gimnazija&hellip;<\/p>\n","protected":false},"author":2,"featured_media":1295,"comment_status":"closed","ping_status":"closed","sticky":false,"template":"","format":"standard","meta":{"ngg_post_thumbnail":0,"_links_to":"","_links_to_target":""},"categories":[7,8],"tags":[],"_links":{"self":[{"href":"https:\/\/gav.hr\/index.php?rest_route=\/wp\/v2\/posts\/1294"}],"collection":[{"href":"https:\/\/gav.hr\/index.php?rest_route=\/wp\/v2\/posts"}],"about":[{"href":"https:\/\/gav.hr\/index.php?rest_route=\/wp\/v2\/types\/post"}],"author":[{"embeddable":true,"href":"https:\/\/gav.hr\/index.php?rest_route=\/wp\/v2\/users\/2"}],"replies":[{"embeddable":true,"href":"https:\/\/gav.hr\/index.php?rest_route=%2Fwp%2Fv2%2Fcomments&post=1294"}],"version-history":[{"count":6,"href":"https:\/\/gav.hr\/index.php?rest_route=\/wp\/v2\/posts\/1294\/revisions"}],"predecessor-version":[{"id":1302,"href":"https:\/\/gav.hr\/index.php?rest_route=\/wp\/v2\/posts\/1294\/revisions\/1302"}],"wp:featuredmedia":[{"embeddable":true,"href":"https:\/\/gav.hr\/index.php?rest_route=\/wp\/v2\/media\/1295"}],"wp:attachment":[{"href":"https:\/\/gav.hr\/index.php?rest_route=%2Fwp%2Fv2%2Fmedia&parent=1294"}],"wp:term":[{"taxonomy":"category","embeddable":true,"href":"https:\/\/gav.hr\/index.php?rest_route=%2Fwp%2Fv2%2Fcategories&post=1294"},{"taxonomy":"post_tag","embeddable":true,"href":"https:\/\/gav.hr\/index.php?rest_route=%2Fwp%2Fv2%2Ftags&post=1294"}],"curies":[{"name":"wp","href":"https:\/\/api.w.org\/{rel}","templated":true}]}}