{"id":12945,"date":"2024-09-26T18:38:40","date_gmt":"2024-09-26T16:38:40","guid":{"rendered":"https:\/\/gav.hr\/?p=12945"},"modified":"2025-06-27T15:55:11","modified_gmt":"2025-06-27T13:55:11","slug":"erasmus-ka2-projekt-envisioning-a-future-in-stem-using-virtual-reality","status":"publish","type":"post","link":"https:\/\/gav.hr\/?p=12945","title":{"rendered":"Erasmus+ KA2 projekt &#8220;Envisioning a Future in STEM using Virtual Reality&#8221;"},"content":{"rendered":"\n<p>Na\u0161a \u0161kola od ove \u0161kolske godine sudjeluje u Erasmus+ KA2 projektu \u201cEnvisioning a Future in STEM using Virtual Reality\u201d (ViReal4STEM). U projektu sudjeluju \u0160panjolska (koordinator i dvoje partnera) te Finska, Gr\u010dka, Poljska i Hrvatska kao partneri. Tijekom idu\u0107e tri godine, od 1.1.2025. do 31.12. 2027. radit \u0107e se na razvijanju pedago\u0161kog okvira za uklju\u010divo STEM obrazovanje te dizajniranju VR aplikacije i popratnih scenarija s ciljem pobolj\u0161anja STEM identiteta srednjo\u0161kolaca, posebice djevojaka.Ukupna vrijednost projekta iznosi 400 000 \u20ac.&nbsp;<\/p>\n\n\n\n<div class=\"wp-block-image\"><figure class=\"aligncenter size-full\"><a href=\"https:\/\/gav.hr\/wp-content\/uploads\/2024\/09\/460923212_843178521253514_5484513754668008729_n.jpg\"><img loading=\"lazy\" width=\"325\" height=\"155\" src=\"https:\/\/gav.hr\/wp-content\/uploads\/2024\/09\/460923212_843178521253514_5484513754668008729_n.jpg\" alt=\"\" class=\"wp-image-12946\" srcset=\"https:\/\/gav.hr\/wp-content\/uploads\/2024\/09\/460923212_843178521253514_5484513754668008729_n.jpg 325w, https:\/\/gav.hr\/wp-content\/uploads\/2024\/09\/460923212_843178521253514_5484513754668008729_n-300x143.jpg 300w\" sizes=\"(max-width: 325px) 100vw, 325px\" \/><\/a><\/figure><\/div>\n","protected":false},"excerpt":{"rendered":"<p>Na\u0161a \u0161kola od ove \u0161kolske godine sudjeluje u Erasmus+ KA2 projektu \u201cEnvisioning a Future in STEM using Virtual Reality\u201d (ViReal4STEM). U projektu sudjeluju \u0160panjolska (koordinator i dvoje partnera) te Finska, Gr\u010dka, Poljska i Hrvatska kao partneri. Tijekom idu\u0107e tri godine, od 1.1.2025. do 31.12. 2027. radit \u0107e se na razvijanju pedago\u0161kog okvira za uklju\u010divo STEM&hellip;<\/p>\n","protected":false},"author":2,"featured_media":0,"comment_status":"closed","ping_status":"closed","sticky":false,"template":"","format":"standard","meta":{"ngg_post_thumbnail":0,"_links_to":"","_links_to_target":""},"categories":[8,30],"tags":[],"_links":{"self":[{"href":"https:\/\/gav.hr\/index.php?rest_route=\/wp\/v2\/posts\/12945"}],"collection":[{"href":"https:\/\/gav.hr\/index.php?rest_route=\/wp\/v2\/posts"}],"about":[{"href":"https:\/\/gav.hr\/index.php?rest_route=\/wp\/v2\/types\/post"}],"author":[{"embeddable":true,"href":"https:\/\/gav.hr\/index.php?rest_route=\/wp\/v2\/users\/2"}],"replies":[{"embeddable":true,"href":"https:\/\/gav.hr\/index.php?rest_route=%2Fwp%2Fv2%2Fcomments&post=12945"}],"version-history":[{"count":2,"href":"https:\/\/gav.hr\/index.php?rest_route=\/wp\/v2\/posts\/12945\/revisions"}],"predecessor-version":[{"id":13397,"href":"https:\/\/gav.hr\/index.php?rest_route=\/wp\/v2\/posts\/12945\/revisions\/13397"}],"wp:attachment":[{"href":"https:\/\/gav.hr\/index.php?rest_route=%2Fwp%2Fv2%2Fmedia&parent=12945"}],"wp:term":[{"taxonomy":"category","embeddable":true,"href":"https:\/\/gav.hr\/index.php?rest_route=%2Fwp%2Fv2%2Fcategories&post=12945"},{"taxonomy":"post_tag","embeddable":true,"href":"https:\/\/gav.hr\/index.php?rest_route=%2Fwp%2Fv2%2Ftags&post=12945"}],"curies":[{"name":"wp","href":"https:\/\/api.w.org\/{rel}","templated":true}]}}