{"id":12948,"date":"2024-09-26T18:40:27","date_gmt":"2024-09-26T16:40:27","guid":{"rendered":"https:\/\/gav.hr\/?p=12948"},"modified":"2024-09-26T18:40:52","modified_gmt":"2024-09-26T16:40:52","slug":"conservus-festival-sibenik","status":"publish","type":"post","link":"https:\/\/gav.hr\/?p=12948","title":{"rendered":"ConservUs festival \u0160ibenik"},"content":{"rendered":"\n<p>Zainteresirani u\u010denici matemati\u010dke, op\u0107e i jezi\u010dne gimnazije pod vodstvom nastavnice Deane Kara\u0111ole Radov\u010di\u0107, sudjeluju na ConservUs festivalu \u0160ibenik-Me\u0111unarodnom kongresu i radionici konzervacije &#8211; restauracije kamena kojeg organizira Dru\u0161tvo za o\u010duvanje \u0161ibenske ba\u0161tine Juraj Dalmatinac, Hrvatski restauratorski zavod i umjetni\u010dka akademija u Splitu pod pokroviteljstvom Ministarstva kulture i medija Republike Hrvatske. U \u0161etnji starom gradskom jezgrom, pred portalima \u0161ibenskih pala\u010da, s velikim interesom pratili su rad restauratora i slu\u0161ali poznatog konzervatora Ivu \u0160prljana iz \u0161ibenskog Konzervatorskog odjela koji ve\u0107 dugi niz godina obnavlja na\u0161u bogatu kulturnu i povijesnu ba\u0161tinu. Na portalima uo\u010dili su tako\u0111er i brojne latinske natpise koje su zajedno s nastavnicom i preveli! Bravo za na\u0161e gimnazijalce! <\/p>\n\n\n\n<figure class=\"wp-block-gallery columns-3 is-cropped\"><ul class=\"blocks-gallery-grid\"><li class=\"blocks-gallery-item\"><figure><a href=\"https:\/\/gav.hr\/wp-content\/uploads\/2024\/09\/ConservUs-festival.jpg\"><img loading=\"lazy\" width=\"1024\" height=\"576\" src=\"https:\/\/gav.hr\/wp-content\/uploads\/2024\/09\/ConservUs-festival-1024x576.jpg\" alt=\"\" data-id=\"12949\" data-full-url=\"https:\/\/gav.hr\/wp-content\/uploads\/2024\/09\/ConservUs-festival.jpg\" data-link=\"https:\/\/gav.hr\/?attachment_id=12949\" class=\"wp-image-12949\" srcset=\"https:\/\/gav.hr\/wp-content\/uploads\/2024\/09\/ConservUs-festival-1024x576.jpg 1024w, https:\/\/gav.hr\/wp-content\/uploads\/2024\/09\/ConservUs-festival-300x169.jpg 300w, https:\/\/gav.hr\/wp-content\/uploads\/2024\/09\/ConservUs-festival-768x432.jpg 768w, https:\/\/gav.hr\/wp-content\/uploads\/2024\/09\/ConservUs-festival.jpg 1080w\" sizes=\"(max-width: 1024px) 100vw, 1024px\" \/><\/a><\/figure><\/li><li class=\"blocks-gallery-item\"><figure><a href=\"https:\/\/gav.hr\/wp-content\/uploads\/2024\/09\/20240926_115857-scaled.jpg\"><img loading=\"lazy\" width=\"1024\" height=\"768\" src=\"https:\/\/gav.hr\/wp-content\/uploads\/2024\/09\/20240926_115857-1024x768.jpg\" alt=\"\" data-id=\"12950\" data-full-url=\"https:\/\/gav.hr\/wp-content\/uploads\/2024\/09\/20240926_115857-scaled.jpg\" data-link=\"https:\/\/gav.hr\/?attachment_id=12950\" class=\"wp-image-12950\" srcset=\"https:\/\/gav.hr\/wp-content\/uploads\/2024\/09\/20240926_115857-1024x768.jpg 1024w, https:\/\/gav.hr\/wp-content\/uploads\/2024\/09\/20240926_115857-300x225.jpg 300w, https:\/\/gav.hr\/wp-content\/uploads\/2024\/09\/20240926_115857-768x576.jpg 768w, https:\/\/gav.hr\/wp-content\/uploads\/2024\/09\/20240926_115857-1536x1152.jpg 1536w, https:\/\/gav.hr\/wp-content\/uploads\/2024\/09\/20240926_115857-2048x1536.jpg 2048w\" sizes=\"(max-width: 1024px) 100vw, 1024px\" \/><\/a><\/figure><\/li><li class=\"blocks-gallery-item\"><figure><a href=\"https:\/\/gav.hr\/wp-content\/uploads\/2024\/09\/20240926_124857-scaled.jpg\"><img loading=\"lazy\" width=\"768\" height=\"1024\" src=\"https:\/\/gav.hr\/wp-content\/uploads\/2024\/09\/20240926_124857-768x1024.jpg\" alt=\"\" data-id=\"12951\" data-full-url=\"https:\/\/gav.hr\/wp-content\/uploads\/2024\/09\/20240926_124857-scaled.jpg\" data-link=\"https:\/\/gav.hr\/?attachment_id=12951\" class=\"wp-image-12951\" srcset=\"https:\/\/gav.hr\/wp-content\/uploads\/2024\/09\/20240926_124857-768x1024.jpg 768w, https:\/\/gav.hr\/wp-content\/uploads\/2024\/09\/20240926_124857-225x300.jpg 225w, https:\/\/gav.hr\/wp-content\/uploads\/2024\/09\/20240926_124857-1152x1536.jpg 1152w, https:\/\/gav.hr\/wp-content\/uploads\/2024\/09\/20240926_124857-1536x2048.jpg 1536w, https:\/\/gav.hr\/wp-content\/uploads\/2024\/09\/20240926_124857-scaled.jpg 1920w\" sizes=\"(max-width: 768px) 100vw, 768px\" \/><\/a><\/figure><\/li><li class=\"blocks-gallery-item\"><figure><a href=\"https:\/\/gav.hr\/wp-content\/uploads\/2024\/09\/20240926_113744-scaled.jpg\"><img loading=\"lazy\" width=\"768\" height=\"1024\" src=\"https:\/\/gav.hr\/wp-content\/uploads\/2024\/09\/20240926_113744-768x1024.jpg\" alt=\"\" data-id=\"12952\" data-full-url=\"https:\/\/gav.hr\/wp-content\/uploads\/2024\/09\/20240926_113744-scaled.jpg\" data-link=\"https:\/\/gav.hr\/?attachment_id=12952\" class=\"wp-image-12952\" srcset=\"https:\/\/gav.hr\/wp-content\/uploads\/2024\/09\/20240926_113744-768x1024.jpg 768w, https:\/\/gav.hr\/wp-content\/uploads\/2024\/09\/20240926_113744-225x300.jpg 225w, https:\/\/gav.hr\/wp-content\/uploads\/2024\/09\/20240926_113744-1152x1536.jpg 1152w, https:\/\/gav.hr\/wp-content\/uploads\/2024\/09\/20240926_113744-1536x2048.jpg 1536w, https:\/\/gav.hr\/wp-content\/uploads\/2024\/09\/20240926_113744-scaled.jpg 1920w\" sizes=\"(max-width: 768px) 100vw, 768px\" \/><\/a><\/figure><\/li><li class=\"blocks-gallery-item\"><figure><a href=\"https:\/\/gav.hr\/wp-content\/uploads\/2024\/09\/20240926_121720-scaled.jpg\"><img loading=\"lazy\" width=\"768\" height=\"1024\" src=\"https:\/\/gav.hr\/wp-content\/uploads\/2024\/09\/20240926_121720-768x1024.jpg\" alt=\"\" data-id=\"12954\" data-full-url=\"https:\/\/gav.hr\/wp-content\/uploads\/2024\/09\/20240926_121720-scaled.jpg\" data-link=\"https:\/\/gav.hr\/?attachment_id=12954\" class=\"wp-image-12954\" srcset=\"https:\/\/gav.hr\/wp-content\/uploads\/2024\/09\/20240926_121720-768x1024.jpg 768w, https:\/\/gav.hr\/wp-content\/uploads\/2024\/09\/20240926_121720-225x300.jpg 225w, https:\/\/gav.hr\/wp-content\/uploads\/2024\/09\/20240926_121720-1152x1536.jpg 1152w, https:\/\/gav.hr\/wp-content\/uploads\/2024\/09\/20240926_121720-1536x2048.jpg 1536w, https:\/\/gav.hr\/wp-content\/uploads\/2024\/09\/20240926_121720-scaled.jpg 1920w\" sizes=\"(max-width: 768px) 100vw, 768px\" \/><\/a><\/figure><\/li><li class=\"blocks-gallery-item\"><figure><a href=\"blob:https:\/\/gav.hr\/ff4b5aaa-ba76-4c39-a158-41975faa139e\"><img src=\"blob:https:\/\/gav.hr\/ff4b5aaa-ba76-4c39-a158-41975faa139e\" data-id=\"\"\/><\/a><\/figure><\/li><\/ul><\/figure>\n","protected":false},"excerpt":{"rendered":"<p>Zainteresirani u\u010denici matemati\u010dke, op\u0107e i jezi\u010dne gimnazije pod vodstvom nastavnice Deane Kara\u0111ole Radov\u010di\u0107, sudjeluju na ConservUs festivalu \u0160ibenik-Me\u0111unarodnom kongresu i radionici konzervacije &#8211; restauracije kamena kojeg organizira Dru\u0161tvo za o\u010duvanje \u0161ibenske ba\u0161tine Juraj Dalmatinac, Hrvatski restauratorski zavod i umjetni\u010dka akademija u Splitu pod pokroviteljstvom Ministarstva kulture i medija Republike Hrvatske. U \u0161etnji starom gradskom jezgrom,&hellip;<\/p>\n","protected":false},"author":2,"featured_media":0,"comment_status":"closed","ping_status":"closed","sticky":false,"template":"","format":"standard","meta":{"ngg_post_thumbnail":0,"_links_to":"","_links_to_target":""},"categories":[8],"tags":[],"_links":{"self":[{"href":"https:\/\/gav.hr\/index.php?rest_route=\/wp\/v2\/posts\/12948"}],"collection":[{"href":"https:\/\/gav.hr\/index.php?rest_route=\/wp\/v2\/posts"}],"about":[{"href":"https:\/\/gav.hr\/index.php?rest_route=\/wp\/v2\/types\/post"}],"author":[{"embeddable":true,"href":"https:\/\/gav.hr\/index.php?rest_route=\/wp\/v2\/users\/2"}],"replies":[{"embeddable":true,"href":"https:\/\/gav.hr\/index.php?rest_route=%2Fwp%2Fv2%2Fcomments&post=12948"}],"version-history":[{"count":3,"href":"https:\/\/gav.hr\/index.php?rest_route=\/wp\/v2\/posts\/12948\/revisions"}],"predecessor-version":[{"id":12957,"href":"https:\/\/gav.hr\/index.php?rest_route=\/wp\/v2\/posts\/12948\/revisions\/12957"}],"wp:attachment":[{"href":"https:\/\/gav.hr\/index.php?rest_route=%2Fwp%2Fv2%2Fmedia&parent=12948"}],"wp:term":[{"taxonomy":"category","embeddable":true,"href":"https:\/\/gav.hr\/index.php?rest_route=%2Fwp%2Fv2%2Fcategories&post=12948"},{"taxonomy":"post_tag","embeddable":true,"href":"https:\/\/gav.hr\/index.php?rest_route=%2Fwp%2Fv2%2Ftags&post=12948"}],"curies":[{"name":"wp","href":"https:\/\/api.w.org\/{rel}","templated":true}]}}