{"id":1331,"date":"2014-05-07T15:38:22","date_gmt":"2014-05-07T15:38:22","guid":{"rendered":"http:\/\/gav.hr\/?p=1331"},"modified":"2014-05-07T15:38:22","modified_gmt":"2014-05-07T15:38:22","slug":"moj-europski-san","status":"publish","type":"post","link":"https:\/\/gav.hr\/?p=1331","title":{"rendered":"Moj Europski san"},"content":{"rendered":"<p>Vije\u0107e u\u010denika \u0160ibensko-kninske \u017eupanije u suradnji sa Udrugom Srednjo\u0161kolaca organizira<br \/>\npredavanje pod nazivom \u201cMoj Europski san\u201d. Predavanje \u0107e se odr\u017eati u ponedjeljak 12.<br \/>\nsvibnja u prezentacijskog dvorani Gradske knji\u017enice \u201cJuraj \u0160i\u017egori\u0107\u201d s po\u010detkom u 19:00h.<br \/>\nTeme predavanje \u0107e biti pribli\u017eavanje uloge Vije\u0107a u\u010denika i Udruge srednjo\u0161kolaca te na\u010dine<br \/>\nkako se mogu priklju\u010diti objema i na taj na\u010din biti sigurni da se njihov glas \u010duje. U\u010denici \u0107e se<br \/>\npobli\u017ee upoznati sa mogu\u010dnostima, zahtjevima, stipendiranjem studiranja u Europi. Zatim \u0107emo<br \/>\nimati predstavljanje me\u0111unarodnih europskih organizacija koje predstavljaju u\u010denike iz \u010ditve<br \/>\nEurope. Tako\u0111er \u0107emo imati predavanje o utjecaju Europske unije na mogu\u0107nosti za mlade u<br \/>\nHrvatskoj, po\u010devi\u0161i od njihovog \u0161kolavanja i na\u010dina \u0161kolovanja do pitanja zapo\u0161ljivanja u<br \/>\nzemljama Europske unije. Na kraju \u0107e se odr\u017eati parlaonica na temu koju \u0107e odabrati sudionici<br \/>\nme\u0111u ponu\u0111enim temama.<br \/>\nPredava\u010di \u0107e biti Dora Bumber, u\u010denicia Gimnazije Antuna Vran\u010di\u0107a i sudionica mnogobrojnih<br \/>\nme\u0111unarodnih organizacija, Mario D. Buri\u0107 predsjednik Vije\u0107a u\u010denika \u0160ibensko-kninske \u017eupanije,<br \/>\n\u010dlan odbora Udruge srednjo\u0161kolaca i \u010dlan vi\u0161e me\u0111unarodnih organizacija koje prestavljaju mlade<br \/>\nu Europi, te profesori iz razli\u010ditih \u0161kola koji su sudjelovali u EU projektima.<\/p>\n","protected":false},"excerpt":{"rendered":"<p>Vije\u0107e u\u010denika \u0160ibensko-kninske \u017eupanije u suradnji sa Udrugom Srednjo\u0161kolaca organizira predavanje pod nazivom \u201cMoj Europski san\u201d. Predavanje \u0107e se odr\u017eati u ponedjeljak 12. svibnja u prezentacijskog dvorani Gradske knji\u017enice \u201cJuraj \u0160i\u017egori\u0107\u201d s po\u010detkom u 19:00h. Teme predavanje \u0107e biti pribli\u017eavanje uloge Vije\u0107a u\u010denika i Udruge srednjo\u0161kolaca te na\u010dine kako se mogu priklju\u010diti objema i na&hellip;<\/p>\n","protected":false},"author":2,"featured_media":1332,"comment_status":"closed","ping_status":"closed","sticky":false,"template":"","format":"standard","meta":{"ngg_post_thumbnail":0,"_links_to":"","_links_to_target":""},"categories":[8],"tags":[],"_links":{"self":[{"href":"https:\/\/gav.hr\/index.php?rest_route=\/wp\/v2\/posts\/1331"}],"collection":[{"href":"https:\/\/gav.hr\/index.php?rest_route=\/wp\/v2\/posts"}],"about":[{"href":"https:\/\/gav.hr\/index.php?rest_route=\/wp\/v2\/types\/post"}],"author":[{"embeddable":true,"href":"https:\/\/gav.hr\/index.php?rest_route=\/wp\/v2\/users\/2"}],"replies":[{"embeddable":true,"href":"https:\/\/gav.hr\/index.php?rest_route=%2Fwp%2Fv2%2Fcomments&post=1331"}],"version-history":[{"count":1,"href":"https:\/\/gav.hr\/index.php?rest_route=\/wp\/v2\/posts\/1331\/revisions"}],"predecessor-version":[{"id":1333,"href":"https:\/\/gav.hr\/index.php?rest_route=\/wp\/v2\/posts\/1331\/revisions\/1333"}],"wp:featuredmedia":[{"embeddable":true,"href":"https:\/\/gav.hr\/index.php?rest_route=\/wp\/v2\/media\/1332"}],"wp:attachment":[{"href":"https:\/\/gav.hr\/index.php?rest_route=%2Fwp%2Fv2%2Fmedia&parent=1331"}],"wp:term":[{"taxonomy":"category","embeddable":true,"href":"https:\/\/gav.hr\/index.php?rest_route=%2Fwp%2Fv2%2Fcategories&post=1331"},{"taxonomy":"post_tag","embeddable":true,"href":"https:\/\/gav.hr\/index.php?rest_route=%2Fwp%2Fv2%2Ftags&post=1331"}],"curies":[{"name":"wp","href":"https:\/\/api.w.org\/{rel}","templated":true}]}}