{"id":13459,"date":"2025-08-28T17:12:34","date_gmt":"2025-08-28T15:12:34","guid":{"rendered":"https:\/\/gav.hr\/?p=13459"},"modified":"2025-08-28T17:13:17","modified_gmt":"2025-08-28T15:13:17","slug":"suvremena-skola","status":"publish","type":"post","link":"https:\/\/gav.hr\/?p=13459","title":{"rendered":"Suvremena \u0161kola"},"content":{"rendered":"\n<div class=\"wp-block-media-text alignwide is-stacked-on-mobile\"><figure class=\"wp-block-media-text__media\"><img loading=\"lazy\" width=\"1014\" height=\"280\" src=\"https:\/\/gav.hr\/wp-content\/uploads\/2025\/08\/Erasmus_logo-1.png\" alt=\"\" class=\"wp-image-13463 size-full\" srcset=\"https:\/\/gav.hr\/wp-content\/uploads\/2025\/08\/Erasmus_logo-1.png 1014w, https:\/\/gav.hr\/wp-content\/uploads\/2025\/08\/Erasmus_logo-1-300x83.png 300w, https:\/\/gav.hr\/wp-content\/uploads\/2025\/08\/Erasmus_logo-1-768x212.png 768w\" sizes=\"(max-width: 1014px) 100vw, 1014px\" \/><\/figure><div class=\"wp-block-media-text__content\">\n<p class=\"has-text-align-left has-normal-font-size\">U nadolaze\u0107oj \u0161kolskoj godini kre\u0107e novi Erasmus+ projekt u \u0161koli! Cilj projekta 2025-1-HR01-KA122-SCH-000322060 &#8216;Suvremena \u0161kola&#8217; jest osuvremeniti \u0161kolu na upravlja\u010dkoj, me\u0111upredmetnoj i izvannastavnoj razini, dok \u0107e se potonje fokusirati na usvajanje trajnih kompetencija za ekolo\u0161ku odr\u017eivost kod u\u010denika. Projekt \u0107e trajati 18 mjeseci, od 1. prosinca 2025. do 31. svibnja 2027. a ukupna vrijednost projekta iznosi 12 773\u20ac.<\/p>\n\n\n\n<p><\/p>\n<\/div><\/div>\n\n\n\n<p><\/p>\n\n\n\n<div class=\"wp-block-columns\">\n<div class=\"wp-block-column\">\n<figure class=\"wp-block-image size-large is-resized\"><a href=\"https:\/\/gav.hr\/wp-content\/uploads\/2025\/08\/AMPEU_logo-1.png\"><img loading=\"lazy\" src=\"https:\/\/gav.hr\/wp-content\/uploads\/2025\/08\/AMPEU_logo-1-1024x350.png\" alt=\"\" class=\"wp-image-13464\" width=\"372\" height=\"127\" srcset=\"https:\/\/gav.hr\/wp-content\/uploads\/2025\/08\/AMPEU_logo-1-1024x350.png 1024w, https:\/\/gav.hr\/wp-content\/uploads\/2025\/08\/AMPEU_logo-1-300x102.png 300w, https:\/\/gav.hr\/wp-content\/uploads\/2025\/08\/AMPEU_logo-1-768x262.png 768w, https:\/\/gav.hr\/wp-content\/uploads\/2025\/08\/AMPEU_logo-1.png 1057w\" sizes=\"(max-width: 372px) 100vw, 372px\" \/><\/a><\/figure>\n<\/div>\n\n\n\n<div class=\"wp-block-column\">\n<figure class=\"wp-block-image size-large is-resized\"><a href=\"https:\/\/gav.hr\/wp-content\/uploads\/2025\/08\/HR-Sufinancira-EUROPSKA-UNIJA_POS_POS-1.jpg\"><img loading=\"lazy\" src=\"https:\/\/gav.hr\/wp-content\/uploads\/2025\/08\/HR-Sufinancira-EUROPSKA-UNIJA_POS_POS-1-1024x271.jpg\" alt=\"\" class=\"wp-image-13465\" width=\"461\" height=\"121\" srcset=\"https:\/\/gav.hr\/wp-content\/uploads\/2025\/08\/HR-Sufinancira-EUROPSKA-UNIJA_POS_POS-1-1024x271.jpg 1024w, https:\/\/gav.hr\/wp-content\/uploads\/2025\/08\/HR-Sufinancira-EUROPSKA-UNIJA_POS_POS-1-300x79.jpg 300w, https:\/\/gav.hr\/wp-content\/uploads\/2025\/08\/HR-Sufinancira-EUROPSKA-UNIJA_POS_POS-1-768x203.jpg 768w, https:\/\/gav.hr\/wp-content\/uploads\/2025\/08\/HR-Sufinancira-EUROPSKA-UNIJA_POS_POS-1-1536x406.jpg 1536w, https:\/\/gav.hr\/wp-content\/uploads\/2025\/08\/HR-Sufinancira-EUROPSKA-UNIJA_POS_POS-1.jpg 1687w\" sizes=\"(max-width: 461px) 100vw, 461px\" \/><\/a><\/figure>\n<\/div>\n<\/div>\n\n\n\n<p><\/p>\n","protected":false},"excerpt":{"rendered":"<p>U nadolaze\u0107oj \u0161kolskoj godini kre\u0107e novi Erasmus+ projekt u \u0161koli! Cilj projekta 2025-1-HR01-KA122-SCH-000322060 &#8216;Suvremena \u0161kola&#8217; jest osuvremeniti \u0161kolu na upravlja\u010dkoj, me\u0111upredmetnoj i izvannastavnoj razini, dok \u0107e se potonje fokusirati na usvajanje trajnih kompetencija za ekolo\u0161ku odr\u017eivost kod u\u010denika. Projekt \u0107e trajati 18 mjeseci, od 1. prosinca 2025. do 31. svibnja 2027. a ukupna vrijednost projekta&hellip;<\/p>\n","protected":false},"author":2,"featured_media":0,"comment_status":"closed","ping_status":"closed","sticky":false,"template":"","format":"standard","meta":{"ngg_post_thumbnail":0,"_links_to":"","_links_to_target":""},"categories":[31,8],"tags":[],"_links":{"self":[{"href":"https:\/\/gav.hr\/index.php?rest_route=\/wp\/v2\/posts\/13459"}],"collection":[{"href":"https:\/\/gav.hr\/index.php?rest_route=\/wp\/v2\/posts"}],"about":[{"href":"https:\/\/gav.hr\/index.php?rest_route=\/wp\/v2\/types\/post"}],"author":[{"embeddable":true,"href":"https:\/\/gav.hr\/index.php?rest_route=\/wp\/v2\/users\/2"}],"replies":[{"embeddable":true,"href":"https:\/\/gav.hr\/index.php?rest_route=%2Fwp%2Fv2%2Fcomments&post=13459"}],"version-history":[{"count":2,"href":"https:\/\/gav.hr\/index.php?rest_route=\/wp\/v2\/posts\/13459\/revisions"}],"predecessor-version":[{"id":13467,"href":"https:\/\/gav.hr\/index.php?rest_route=\/wp\/v2\/posts\/13459\/revisions\/13467"}],"wp:attachment":[{"href":"https:\/\/gav.hr\/index.php?rest_route=%2Fwp%2Fv2%2Fmedia&parent=13459"}],"wp:term":[{"taxonomy":"category","embeddable":true,"href":"https:\/\/gav.hr\/index.php?rest_route=%2Fwp%2Fv2%2Fcategories&post=13459"},{"taxonomy":"post_tag","embeddable":true,"href":"https:\/\/gav.hr\/index.php?rest_route=%2Fwp%2Fv2%2Ftags&post=13459"}],"curies":[{"name":"wp","href":"https:\/\/api.w.org\/{rel}","templated":true}]}}