{"id":13857,"date":"2026-04-20T12:50:49","date_gmt":"2026-04-20T10:50:49","guid":{"rendered":"https:\/\/gav.hr\/?p=13857"},"modified":"2026-04-20T12:52:21","modified_gmt":"2026-04-20T10:52:21","slug":"green-active-vibes-kampanja","status":"publish","type":"post","link":"https:\/\/gav.hr\/?p=13857","title":{"rendered":"Green Active Vibes kampanja"},"content":{"rendered":"\n<p>Povodom Dana planeta Zemlje pokrenuta je kampanja <strong>G<\/strong>reen <strong>A<\/strong>ctive <strong>V<\/strong>ibes koja traje od <strong>22. travnja <\/strong>do<strong> 22. svibnja 2026.<\/strong><br>Simboli\u010dno, kampanja traje od datuma kad obilje\u017eavamo <em>Dan planeta Zemlje<\/em> do <em>Me\u0111unarodnog dana biolo\u0161ke raznolikosti<\/em> i <em>Dana za\u0161tite prirode u Republici Hrvatskoj<\/em>. <br><br><strong>Cilj kampanje<\/strong> je jednostavan &#8211; potaknuti u\u010denike na <strong>kretanje<\/strong>, <strong>smanjiti uglji\u010dni otisak<\/strong> i zajedno promicati <strong>zdrave \u017eivotne navike<\/strong>!<\/p>\n\n\n\n<p><strong>Svaki korak<\/strong> koji napravi\u0161 zna\u010di:<br>\u2705bolju koncentraciju i rad mozga<br>\u2705ja\u010de mi\u0161i\u0107e i kosti<br>\u2705bolje raspolo\u017eenje i manji stres<br>\u2705\u010di\u0161\u0107i zrak\u00a0i okoli\u0161<br>\u2705manju potro\u0161nju energije i prirodnih resursa<br>te brojne druge koristi&#8230;\u00a0<br><br>No, kampanja nije bez <strong>izazova<\/strong>!<\/p>\n\n\n\n<p>Tijekom kampanje<strong>\u00a0prijavljuje\u0161\u00a0<\/strong>svoje korake, a svaki doprinosi ukupnom\u00a0<strong>rezultatu tvoga razreda<\/strong>!\u00a0<strong>Razred<\/strong>\u00a0koji napravi\u00a0<strong>najvi\u0161e koraka<\/strong>\u00a0tijekom kampanje osvaja <strong>nagradu<\/strong>!<\/p>\n\n\n\n<p><strong>Pravila sudjelovanja:<\/strong><\/p>\n\n\n\n<ol type=\"1\"><li><strong>Prijava koraka:<\/strong>&nbsp;Korake prijavljuje\u0161 jednom dnevno ili jednom tjedno putem poveznice:&nbsp; <a href=\"http:\/\/bit.ly\/GreenActiveVibes\">bit.ly\/GreenActiveVibes<\/a>.<\/li><li><strong>Identifikacija:<\/strong>&nbsp;Obavezna je prijava slu\u017ebenom e-mail adresom.<\/li><li><strong>Dokaz:<\/strong>&nbsp;U obrazac je potrebno prilo\u017eiti&nbsp;snimku zaslona (screenshot)&nbsp;aplikacije za brojanje koraka.<\/li><li><strong>Validacija:<\/strong>&nbsp;Svaka snimka mora jasno prikazivati broj koraka i datum:<ul><li><em>Dnevno izvje\u0161\u0107e:<\/em>&nbsp;datum i raspon sati.<\/li><li><em>Tjedno izvje\u0161\u0107e:<\/em>&nbsp;raspon datuma u tjednu prijave.<\/li><\/ul><\/li><\/ol>\n\n\n\n<p><em>Napomena: Vi\u0161estruke prijave ili snimke bez vidljivog datuma ne\u0107e se uva\u017eiti.<\/em><\/p>\n\n\n\n<p><strong>Uklju\u010di se<\/strong>, hodaj i poka\u017ei da tvoj razred ima najbolji\u00a0Green Active Vibes! Zajedno kora\u010damo prema <strong>zdravijoj \u0161koli<\/strong> i <strong>\u010di\u0161\u0107em planetu<\/strong>. <\/p>\n\n\n\n<p><em>Kampanja je pokrenuta u sklopu Erasmus+ projekta&nbsp;2025-1-HR01-KA122-SCH-000322060&nbsp;Suvremena \u0161kola.<\/em><\/p>\n\n\n\n<p><em>Financirano sredstvima Europske unije. Izneseni stavovi i mi\u0161ljenja su stavovi i mi\u0161ljenja autora i ne moraju se podudarati sa stavovima i mi\u0161ljenjima Europske unije ili Europske izvr\u0161ne agencije za obrazovanje i kulturu (EACEA). Ni Europska unija ni EACEA ne mogu se smatrati odgovornima za njih.<\/em><\/p>\n","protected":false},"excerpt":{"rendered":"<p>Povodom Dana planeta Zemlje pokrenuta je kampanja Green Active Vibes koja traje od 22. travnja do 22. svibnja 2026.Simboli\u010dno, kampanja traje od datuma kad obilje\u017eavamo Dan planeta Zemlje do Me\u0111unarodnog dana biolo\u0161ke raznolikosti i Dana za\u0161tite prirode u Republici Hrvatskoj. Cilj kampanje je jednostavan &#8211; potaknuti u\u010denike na kretanje, smanjiti uglji\u010dni otisak i zajedno promicati&hellip;<\/p>\n","protected":false},"author":2,"featured_media":0,"comment_status":"closed","ping_status":"closed","sticky":false,"template":"","format":"standard","meta":{"ngg_post_thumbnail":0,"_links_to":"","_links_to_target":""},"categories":[31],"tags":[],"_links":{"self":[{"href":"https:\/\/gav.hr\/index.php?rest_route=\/wp\/v2\/posts\/13857"}],"collection":[{"href":"https:\/\/gav.hr\/index.php?rest_route=\/wp\/v2\/posts"}],"about":[{"href":"https:\/\/gav.hr\/index.php?rest_route=\/wp\/v2\/types\/post"}],"author":[{"embeddable":true,"href":"https:\/\/gav.hr\/index.php?rest_route=\/wp\/v2\/users\/2"}],"replies":[{"embeddable":true,"href":"https:\/\/gav.hr\/index.php?rest_route=%2Fwp%2Fv2%2Fcomments&post=13857"}],"version-history":[{"count":4,"href":"https:\/\/gav.hr\/index.php?rest_route=\/wp\/v2\/posts\/13857\/revisions"}],"predecessor-version":[{"id":13861,"href":"https:\/\/gav.hr\/index.php?rest_route=\/wp\/v2\/posts\/13857\/revisions\/13861"}],"wp:attachment":[{"href":"https:\/\/gav.hr\/index.php?rest_route=%2Fwp%2Fv2%2Fmedia&parent=13857"}],"wp:term":[{"taxonomy":"category","embeddable":true,"href":"https:\/\/gav.hr\/index.php?rest_route=%2Fwp%2Fv2%2Fcategories&post=13857"},{"taxonomy":"post_tag","embeddable":true,"href":"https:\/\/gav.hr\/index.php?rest_route=%2Fwp%2Fv2%2Ftags&post=13857"}],"curies":[{"name":"wp","href":"https:\/\/api.w.org\/{rel}","templated":true}]}}