{"id":1490,"date":"2014-08-29T12:25:34","date_gmt":"2014-08-29T12:25:34","guid":{"rendered":"http:\/\/gav.hr\/?p=1490"},"modified":"2014-08-29T12:26:12","modified_gmt":"2014-08-29T12:26:12","slug":"obavijest-o-pocetku-nastavne-godine","status":"publish","type":"post","link":"https:\/\/gav.hr\/?p=1490","title":{"rendered":"Obavijest o po\u010detku nastavne godine"},"content":{"rendered":"<p>Nova nastavna godina zapo\u010dinje u <strong>ponedjeljak 08. rujna<\/strong> u jutarnjoj smjeni<strong> u 8:00 sati<\/strong>.<\/p>\n<p>U\u010denici prvih razreda trebaju do\u0107i u sve\u010danu dvoranu Gimnazije gdje \u0107e se upoznati sa svojim novim razrednicima, a ostali u\u010denici u u\u010dionice prema rasporedu koji \u0107e taj dan biti izvje\u0161en na oglasnoj plo\u010di \u0161kole.<\/p>\n<p>Napominjemo na pristojno odijevanje <span style=\"text-decoration: underline;\">bez kratkih hla\u010da<\/span>!<\/p>\n","protected":false},"excerpt":{"rendered":"<p>Nova nastavna godina zapo\u010dinje u ponedjeljak 08. rujna u jutarnjoj smjeni u 8:00 sati. U\u010denici prvih razreda trebaju do\u0107i u sve\u010danu dvoranu Gimnazije gdje \u0107e se upoznati sa svojim novim razrednicima, a ostali u\u010denici u u\u010dionice prema rasporedu koji \u0107e taj dan biti izvje\u0161en na oglasnoj plo\u010di \u0161kole. Napominjemo na pristojno odijevanje bez kratkih hla\u010da!<\/p>\n","protected":false},"author":3,"featured_media":0,"comment_status":"closed","ping_status":"closed","sticky":false,"template":"","format":"standard","meta":{"ngg_post_thumbnail":0,"_links_to":"","_links_to_target":""},"categories":[8],"tags":[],"_links":{"self":[{"href":"https:\/\/gav.hr\/index.php?rest_route=\/wp\/v2\/posts\/1490"}],"collection":[{"href":"https:\/\/gav.hr\/index.php?rest_route=\/wp\/v2\/posts"}],"about":[{"href":"https:\/\/gav.hr\/index.php?rest_route=\/wp\/v2\/types\/post"}],"author":[{"embeddable":true,"href":"https:\/\/gav.hr\/index.php?rest_route=\/wp\/v2\/users\/3"}],"replies":[{"embeddable":true,"href":"https:\/\/gav.hr\/index.php?rest_route=%2Fwp%2Fv2%2Fcomments&post=1490"}],"version-history":[{"count":2,"href":"https:\/\/gav.hr\/index.php?rest_route=\/wp\/v2\/posts\/1490\/revisions"}],"predecessor-version":[{"id":1492,"href":"https:\/\/gav.hr\/index.php?rest_route=\/wp\/v2\/posts\/1490\/revisions\/1492"}],"wp:attachment":[{"href":"https:\/\/gav.hr\/index.php?rest_route=%2Fwp%2Fv2%2Fmedia&parent=1490"}],"wp:term":[{"taxonomy":"category","embeddable":true,"href":"https:\/\/gav.hr\/index.php?rest_route=%2Fwp%2Fv2%2Fcategories&post=1490"},{"taxonomy":"post_tag","embeddable":true,"href":"https:\/\/gav.hr\/index.php?rest_route=%2Fwp%2Fv2%2Ftags&post=1490"}],"curies":[{"name":"wp","href":"https:\/\/api.w.org\/{rel}","templated":true}]}}