{"id":2003,"date":"2015-10-30T11:44:17","date_gmt":"2015-10-30T11:44:17","guid":{"rendered":"http:\/\/gav.hr\/?p=2003"},"modified":"2015-10-30T16:25:27","modified_gmt":"2015-10-30T16:25:27","slug":"poziv-za-organizaciju-visednevne-izvanucionicke-nastave-2","status":"publish","type":"post","link":"https:\/\/gav.hr\/?p=2003","title":{"rendered":"Poziv za organizaciju vi\u0161ednevne izvanu\u010dioni\u010dke nastave"},"content":{"rendered":"<p><img loading=\"lazy\" class=\"wp-image-1633 alignleft\" src=\"http:\/\/gav.hr\/wp-content\/uploads\/2014\/12\/putovanje.jpg\" alt=\"putovanje\" width=\"311\" height=\"166\" srcset=\"https:\/\/gav.hr\/wp-content\/uploads\/2014\/12\/putovanje.jpg 1920w, https:\/\/gav.hr\/wp-content\/uploads\/2014\/12\/putovanje-300x160.jpg 300w, https:\/\/gav.hr\/wp-content\/uploads\/2014\/12\/putovanje-1024x546.jpg 1024w\" sizes=\"(max-width: 311px) 100vw, 311px\" \/>Poni\u0161tava se javni poziv br 5.\/2015. za Salzburg<\/p>\n<p><a href=\"http:\/\/gav.hr\/wp-content\/uploads\/2015\/10\/Odluka-poni\u0161tenje-javnog-poziva.doc\">Odluka-poni\u0161tenje javnog poziva<\/a><\/p>\n<p>&nbsp;<\/p>\n<p>&nbsp;<\/p>\n","protected":false},"excerpt":{"rendered":"<p>Poni\u0161tava se javni poziv br 5.\/2015. za Salzburg Odluka-poni\u0161tenje javnog poziva &nbsp; &nbsp;<\/p>\n","protected":false},"author":6,"featured_media":0,"comment_status":"closed","ping_status":"closed","sticky":false,"template":"","format":"standard","meta":{"ngg_post_thumbnail":0,"_links_to":"","_links_to_target":""},"categories":[8],"tags":[],"_links":{"self":[{"href":"https:\/\/gav.hr\/index.php?rest_route=\/wp\/v2\/posts\/2003"}],"collection":[{"href":"https:\/\/gav.hr\/index.php?rest_route=\/wp\/v2\/posts"}],"about":[{"href":"https:\/\/gav.hr\/index.php?rest_route=\/wp\/v2\/types\/post"}],"author":[{"embeddable":true,"href":"https:\/\/gav.hr\/index.php?rest_route=\/wp\/v2\/users\/6"}],"replies":[{"embeddable":true,"href":"https:\/\/gav.hr\/index.php?rest_route=%2Fwp%2Fv2%2Fcomments&post=2003"}],"version-history":[{"count":4,"href":"https:\/\/gav.hr\/index.php?rest_route=\/wp\/v2\/posts\/2003\/revisions"}],"predecessor-version":[{"id":2009,"href":"https:\/\/gav.hr\/index.php?rest_route=\/wp\/v2\/posts\/2003\/revisions\/2009"}],"wp:attachment":[{"href":"https:\/\/gav.hr\/index.php?rest_route=%2Fwp%2Fv2%2Fmedia&parent=2003"}],"wp:term":[{"taxonomy":"category","embeddable":true,"href":"https:\/\/gav.hr\/index.php?rest_route=%2Fwp%2Fv2%2Fcategories&post=2003"},{"taxonomy":"post_tag","embeddable":true,"href":"https:\/\/gav.hr\/index.php?rest_route=%2Fwp%2Fv2%2Ftags&post=2003"}],"curies":[{"name":"wp","href":"https:\/\/api.w.org\/{rel}","templated":true}]}}