{"id":2147,"date":"2016-01-25T10:38:03","date_gmt":"2016-01-25T10:38:03","guid":{"rendered":"http:\/\/gav.hr\/?p=2147"},"modified":"2016-01-25T10:38:03","modified_gmt":"2016-01-25T10:38:03","slug":"projekcija-filma","status":"publish","type":"post","link":"https:\/\/gav.hr\/?p=2147","title":{"rendered":"Projekcija filma"},"content":{"rendered":"<p><a href=\"http:\/\/gav.hr\/wp-content\/uploads\/2016\/01\/cinestar-logo.png\"><img loading=\"lazy\" class=\"alignleft size-full wp-image-2151\" src=\"http:\/\/gav.hr\/wp-content\/uploads\/2016\/01\/cinestar-logo.png\" alt=\"cinestar-logo\" width=\"207\" height=\"105\" \/><\/a>Dana 29.01.2016. u 14:45 sati u &#8220;Cinestaru&#8221; \u0160ibenik \u0107e se odr\u017eati projekcija filma Macbeth za u\u010denike sljede\u0107ih razreda: 1.c, 4.b, 4.d, 4.e i 4.f.<\/p>\n<p>Voditelj: Marijana Cvitanovi\u0107<\/p>\n","protected":false},"excerpt":{"rendered":"<p>Dana 29.01.2016. u 14:45 sati u &#8220;Cinestaru&#8221; \u0160ibenik \u0107e se odr\u017eati projekcija filma Macbeth za u\u010denike sljede\u0107ih razreda: 1.c, 4.b, 4.d, 4.e i 4.f. Voditelj: Marijana Cvitanovi\u0107<\/p>\n","protected":false},"author":6,"featured_media":0,"comment_status":"closed","ping_status":"closed","sticky":false,"template":"","format":"standard","meta":{"ngg_post_thumbnail":0,"_links_to":"","_links_to_target":""},"categories":[8],"tags":[],"_links":{"self":[{"href":"https:\/\/gav.hr\/index.php?rest_route=\/wp\/v2\/posts\/2147"}],"collection":[{"href":"https:\/\/gav.hr\/index.php?rest_route=\/wp\/v2\/posts"}],"about":[{"href":"https:\/\/gav.hr\/index.php?rest_route=\/wp\/v2\/types\/post"}],"author":[{"embeddable":true,"href":"https:\/\/gav.hr\/index.php?rest_route=\/wp\/v2\/users\/6"}],"replies":[{"embeddable":true,"href":"https:\/\/gav.hr\/index.php?rest_route=%2Fwp%2Fv2%2Fcomments&post=2147"}],"version-history":[{"count":2,"href":"https:\/\/gav.hr\/index.php?rest_route=\/wp\/v2\/posts\/2147\/revisions"}],"predecessor-version":[{"id":2152,"href":"https:\/\/gav.hr\/index.php?rest_route=\/wp\/v2\/posts\/2147\/revisions\/2152"}],"wp:attachment":[{"href":"https:\/\/gav.hr\/index.php?rest_route=%2Fwp%2Fv2%2Fmedia&parent=2147"}],"wp:term":[{"taxonomy":"category","embeddable":true,"href":"https:\/\/gav.hr\/index.php?rest_route=%2Fwp%2Fv2%2Fcategories&post=2147"},{"taxonomy":"post_tag","embeddable":true,"href":"https:\/\/gav.hr\/index.php?rest_route=%2Fwp%2Fv2%2Ftags&post=2147"}],"curies":[{"name":"wp","href":"https:\/\/api.w.org\/{rel}","templated":true}]}}