{"id":2222,"date":"2016-02-10T12:00:41","date_gmt":"2016-02-10T12:00:41","guid":{"rendered":"http:\/\/gav.hr\/?p=2222"},"modified":"2016-02-23T12:40:16","modified_gmt":"2016-02-23T12:40:16","slug":"odrzan-2-sastanak-koordinatora-na-projektu-cista-petica","status":"publish","type":"post","link":"https:\/\/gav.hr\/?p=2222","title":{"rendered":"Odr\u017ean 2. sastanak koordinatora na projektu \u201e\u010cista petica\u201c"},"content":{"rendered":"<p style=\"color: #000000; text-align: justify;\"><strong>U \u010detvrtak 04. velja\u010de 2016. godine odr\u017ean je 2. sastanak koordinatora na projektu \u201e\u010cista petica\u201c. Sastanku su prisustvovale ravnateljica Srednje \u0161kole\u00a0\u00a0Novi Marof Jasminka Behin, prodekanica za nastavu i upravljanje kvalitetom na Geotehni\u010dkom fakultetu u Vara\u017edinu Sanja Kova\u010d, ravnateljica Gimnazije A. Vran\u010di\u0107a \u0160ibenik Ivanica Belamari\u0107 i voditeljica projekta Danica Krbot.<\/strong><\/p>\n<p style=\"color: #000000; text-align: justify;\">Na sastanku su pregledane aktivnosti koje su do sada provedene na projektu te su dogovoreni termini odr\u017eavanja sljede\u0107ih sastanaka koordinatora na projektu i radnih skupina koje rade na analizi i izradi kurikuluma.<\/p>\n<p>&nbsp;<\/p>\n<p style=\"color: #000000;\"><a href=\"http:\/\/gav.hr\/wp-content\/uploads\/2016\/02\/51.jpg\"><img loading=\"lazy\" class=\"alignleft wp-image-2223 size-thumbnail\" src=\"http:\/\/gav.hr\/wp-content\/uploads\/2016\/02\/51-150x150.jpg\" alt=\"5\" width=\"150\" height=\"150\" \/><\/a> <a href=\"http:\/\/gav.hr\/wp-content\/uploads\/2016\/02\/6.jpg\"><img loading=\"lazy\" class=\"alignleft wp-image-2224 size-thumbnail\" src=\"http:\/\/gav.hr\/wp-content\/uploads\/2016\/02\/6-150x150.jpg\" alt=\"6\" width=\"150\" height=\"150\" \/><\/a> <a href=\"http:\/\/gav.hr\/wp-content\/uploads\/2016\/02\/7.jpg\"><img loading=\"lazy\" class=\"alignleft wp-image-2225 size-thumbnail\" src=\"http:\/\/gav.hr\/wp-content\/uploads\/2016\/02\/7-150x150.jpg\" alt=\"7\" width=\"150\" height=\"150\" \/><\/a><\/p>\n<p>&nbsp;<\/p>\n","protected":false},"excerpt":{"rendered":"<p>U \u010detvrtak 04. velja\u010de 2016. godine odr\u017ean je 2. sastanak koordinatora na projektu \u201e\u010cista petica\u201c. Sastanku su prisustvovale ravnateljica Srednje \u0161kole\u00a0\u00a0Novi Marof Jasminka Behin, prodekanica za nastavu i upravljanje kvalitetom na Geotehni\u010dkom fakultetu u Vara\u017edinu Sanja Kova\u010d, ravnateljica Gimnazije A. Vran\u010di\u0107a \u0160ibenik Ivanica Belamari\u0107 i voditeljica projekta Danica Krbot. Na sastanku su pregledane aktivnosti koje&hellip;<\/p>\n","protected":false},"author":6,"featured_media":0,"comment_status":"closed","ping_status":"closed","sticky":false,"template":"","format":"standard","meta":{"ngg_post_thumbnail":0,"_links_to":"","_links_to_target":""},"categories":[17],"tags":[],"_links":{"self":[{"href":"https:\/\/gav.hr\/index.php?rest_route=\/wp\/v2\/posts\/2222"}],"collection":[{"href":"https:\/\/gav.hr\/index.php?rest_route=\/wp\/v2\/posts"}],"about":[{"href":"https:\/\/gav.hr\/index.php?rest_route=\/wp\/v2\/types\/post"}],"author":[{"embeddable":true,"href":"https:\/\/gav.hr\/index.php?rest_route=\/wp\/v2\/users\/6"}],"replies":[{"embeddable":true,"href":"https:\/\/gav.hr\/index.php?rest_route=%2Fwp%2Fv2%2Fcomments&post=2222"}],"version-history":[{"count":3,"href":"https:\/\/gav.hr\/index.php?rest_route=\/wp\/v2\/posts\/2222\/revisions"}],"predecessor-version":[{"id":2238,"href":"https:\/\/gav.hr\/index.php?rest_route=\/wp\/v2\/posts\/2222\/revisions\/2238"}],"wp:attachment":[{"href":"https:\/\/gav.hr\/index.php?rest_route=%2Fwp%2Fv2%2Fmedia&parent=2222"}],"wp:term":[{"taxonomy":"category","embeddable":true,"href":"https:\/\/gav.hr\/index.php?rest_route=%2Fwp%2Fv2%2Fcategories&post=2222"},{"taxonomy":"post_tag","embeddable":true,"href":"https:\/\/gav.hr\/index.php?rest_route=%2Fwp%2Fv2%2Ftags&post=2222"}],"curies":[{"name":"wp","href":"https:\/\/api.w.org\/{rel}","templated":true}]}}