{"id":2227,"date":"2016-02-11T12:07:11","date_gmt":"2016-02-11T12:07:11","guid":{"rendered":"http:\/\/gav.hr\/?p=2227"},"modified":"2016-02-23T12:39:34","modified_gmt":"2016-02-23T12:39:34","slug":"u-novom-marofu-odrzana-edukacija-iz-podrucja-meteorologije-i-klimatologije-u-okviru-projekta-cista-petica","status":"publish","type":"post","link":"https:\/\/gav.hr\/?p=2227","title":{"rendered":"U Novom Marofu odr\u017eana edukacija iz podru\u010dja meteorologije i klimatologije u okviru projekta \u201e\u010cista petica\u201c"},"content":{"rendered":"<p style=\"color: #000000; text-align: justify;\"><strong>U Novom Marofu u okviru projekta \u201e\u010cista petica\u201c kao projektna aktivnost odr\u017eana je edukacija nastavnika geografije i fizike iz podru\u010dja meteorologije i klimatologije u trajanju od 20 sati. Edukaciji je prisustvovalo dvoje nastavnika iz Srednje \u0161kole\u00a0Novi Marof, petero nastavnika iz Gimnazije A. Vran\u010di\u0107a \u0160ibenik te troje nastavnika Srednje \u0161kole\u00a0Zlatar.<\/strong><\/p>\n<p style=\"color: #000000; text-align: justify;\">Edukaciju je odr\u017eao prof. dr. sc. Branko Grisogono, redoviti profesor na Prirodoslovno-matemati\u010dkom fakultetu, kojemu je kao asistent uklju\u010den bio i dip.ing. Tomislav Kova\u010di\u0107, zaposlenik Dr\u017eavnog hidrometeorolo\u0161kog zavoda.<\/p>\n<p><a href=\"http:\/\/gav.hr\/wp-content\/uploads\/2016\/02\/8.jpg\"><img loading=\"lazy\" class=\"alignleft wp-image-2228 size-thumbnail\" src=\"http:\/\/gav.hr\/wp-content\/uploads\/2016\/02\/8-150x150.jpg\" alt=\"8\" width=\"150\" height=\"150\" \/><\/a> <a href=\"http:\/\/gav.hr\/wp-content\/uploads\/2016\/02\/9.jpg\"><img loading=\"lazy\" class=\"alignleft wp-image-2229 size-thumbnail\" src=\"http:\/\/gav.hr\/wp-content\/uploads\/2016\/02\/9-150x150.jpg\" alt=\"9\" width=\"150\" height=\"150\" \/><\/a><\/p>\n<p>&nbsp;<\/p>\n","protected":false},"excerpt":{"rendered":"<p>U Novom Marofu u okviru projekta \u201e\u010cista petica\u201c kao projektna aktivnost odr\u017eana je edukacija nastavnika geografije i fizike iz podru\u010dja meteorologije i klimatologije u trajanju od 20 sati. Edukaciji je prisustvovalo dvoje nastavnika iz Srednje \u0161kole\u00a0Novi Marof, petero nastavnika iz Gimnazije A. Vran\u010di\u0107a \u0160ibenik te troje nastavnika Srednje \u0161kole\u00a0Zlatar. Edukaciju je odr\u017eao prof. dr. sc.&hellip;<\/p>\n","protected":false},"author":6,"featured_media":0,"comment_status":"closed","ping_status":"closed","sticky":false,"template":"","format":"standard","meta":{"ngg_post_thumbnail":0,"_links_to":"","_links_to_target":""},"categories":[17],"tags":[],"_links":{"self":[{"href":"https:\/\/gav.hr\/index.php?rest_route=\/wp\/v2\/posts\/2227"}],"collection":[{"href":"https:\/\/gav.hr\/index.php?rest_route=\/wp\/v2\/posts"}],"about":[{"href":"https:\/\/gav.hr\/index.php?rest_route=\/wp\/v2\/types\/post"}],"author":[{"embeddable":true,"href":"https:\/\/gav.hr\/index.php?rest_route=\/wp\/v2\/users\/6"}],"replies":[{"embeddable":true,"href":"https:\/\/gav.hr\/index.php?rest_route=%2Fwp%2Fv2%2Fcomments&post=2227"}],"version-history":[{"count":3,"href":"https:\/\/gav.hr\/index.php?rest_route=\/wp\/v2\/posts\/2227\/revisions"}],"predecessor-version":[{"id":2237,"href":"https:\/\/gav.hr\/index.php?rest_route=\/wp\/v2\/posts\/2227\/revisions\/2237"}],"wp:attachment":[{"href":"https:\/\/gav.hr\/index.php?rest_route=%2Fwp%2Fv2%2Fmedia&parent=2227"}],"wp:term":[{"taxonomy":"category","embeddable":true,"href":"https:\/\/gav.hr\/index.php?rest_route=%2Fwp%2Fv2%2Fcategories&post=2227"},{"taxonomy":"post_tag","embeddable":true,"href":"https:\/\/gav.hr\/index.php?rest_route=%2Fwp%2Fv2%2Ftags&post=2227"}],"curies":[{"name":"wp","href":"https:\/\/api.w.org\/{rel}","templated":true}]}}