{"id":2231,"date":"2015-11-01T12:09:59","date_gmt":"2015-11-01T12:09:59","guid":{"rendered":"http:\/\/gav.hr\/?p=2231"},"modified":"2016-02-23T12:14:01","modified_gmt":"2016-02-23T12:14:01","slug":"projekt-cista-petica","status":"publish","type":"post","link":"https:\/\/gav.hr\/?p=2231","title":{"rendered":"Projekt &#8220;\u010cista petica&#8221;"},"content":{"rendered":"<p style=\"color: #000000; text-align: justify;\"><strong>Srednjoj \u0161koli Novi Marof u okviru natje\u010daja \u201ePromocija kvalitete i unaprje\u0111enja sustava odgoja i obrazovanja na srednjo\u0161kolskoj razini\u201c od strane Ministarstva znanosti, obrazovanja i sporta odobren je projekt \u201e\u010cista petica\u201c.<\/strong><\/p>\n<p style=\"color: #000000; text-align: justify;\"><strong>CILJ PROJEKTA:<\/strong><\/p>\n<p style=\"color: #000000; text-align: justify;\">Razvijanje odgojno-obrazovnog sustava koji omogu\u0107uje stjecanje znanja i vje\u0161tina, te dodatnih kompetencija potrebnih za uspje\u0161an \u017eivot i u\u010denje u suvremenom dru\u0161tvu.<\/p>\n<p style=\"color: #000000; text-align: justify;\"><strong>SVRHA PROJEKTA:<\/strong><\/p>\n<p style=\"color: #000000; text-align: justify;\">Uspostavljanje programskih, materijalnih i kadrovskih uvjeta u \u0161koli koja je nositelj projekta i u partnerskim \u0161kolama za izvo\u0111enje jednog fakultativnog predmeta iz matematike te jednog interdisciplinarnog fakultativnog predmeta iz kemije i biologije i jednog interdisciplinarnog fakultativnog predmeta iz fizike i geografije. Motiviranje u\u010denika za bolje svladavanje nastavnih u matematici i prirodoslovlju, te motiviranje za daljnje \u0161kolovanje na takvim studijskim programima.<\/p>\n<p style=\"color: #000000; text-align: justify;\"><strong>CILJNE SKUPINE, A UJEDNO I KRAJNJI KORISNICI:<\/strong><\/p>\n<p style=\"color: #000000; text-align: justify;\">Nastavnici i u\u010denici<br \/>\nRoditelji u\u010denika<br \/>\nCjelokupna javnost<\/p>\n<p style=\"color: #000000; text-align: justify;\"><strong>PROJEKTNE AKTIVNOSTI:<\/strong><\/p>\n<p style=\"color: #000000; text-align: justify;\">1. Izrada kurikuluma i nastavnih materijala za fakultativni predmet \u201eMatematika u svakodnevnom \u017eivotu\u201c<br \/>\n2. Izrada kurikuluma i nastavnih materijala te nabava opreme za interdisciplinarni predmet iz kemije i biologije \u201eFarmacija i botanika\u201c<br \/>\n3. Izrada kurikuluma i nastavnih materijala te nabava opreme za interdisciplinarni predmet iz geografije i fizike \u201eMeteorologija i klimatologija\u201c<br \/>\n4. Edukacija nastavnika, stru\u010dnih suradnika i ravnatelja za izradu kurikuluma i u podru\u010dju metoda definiranja ishoda u\u010denja, primjerom dobre prakse u Finskoj, edukacija u upotrebi alata za e-u\u010denje te nastavnici geografije i fizike educirani za izvo\u0111enje novog fakultativnog predmeta \u201eMeteorologija i klimatologija\u201c<br \/>\n5. Diseminacija novih kurikuluma putem web stranice, priru\u010dnika, novinskih \u010dlanaka, konferencija za medije, okruglih stolova i stru\u010dnih skupova<br \/>\n6. Provedba promotivnih aktivnosti<\/p>\n<p style=\"color: #000000; text-align: justify;\"><strong>Vrijednost projekta: 983.594,08 kn<br \/>\nTrajanje projekta: 12 mjeseci (23.10.2015-23.10.2016)<\/strong><\/p>\n<p style=\"color: #000000; text-align: justify;\"><strong>Partneri na projektu su:<\/strong><\/p>\n<p style=\"color: #000000; text-align: justify;\"><strong>Sveu\u010dili\u0161te u Zagrebu, Geotehni\u010dki fakultet Vara\u017edin,<br \/>\nGimnazija Antuna Vran\u010di\u0107a \u0160ibenik<br \/>\nSrednja \u0161kola Zlatar<\/strong><\/p>\n<p style=\"color: #000000; text-align: justify;\">Posredni\u010dko tijelo razine 1:<br \/>\nMinistarstvo znanosti, obrazovanja i sporta<br \/>\n<script>MailGuard('esf','mzos.hr')<\/script><br \/>\nwww.mzos.hr<\/p>\n<p style=\"color: #000000; text-align: justify;\">Posredni\u010dko tijelo razine 2:<br \/>\nAgencija za strukovno obrazovanje i obrazovanje odraslih, Organizacijska jedinica za upravljanje strukturnim instrumentima DEFCO<br \/>\n<script>MailGuard('defco','asoo.hr')<\/script><br \/>\nwww.asoo.hr\/defco<\/p>\n","protected":false},"excerpt":{"rendered":"<p>Srednjoj \u0161koli Novi Marof u okviru natje\u010daja \u201ePromocija kvalitete i unaprje\u0111enja sustava odgoja i obrazovanja na srednjo\u0161kolskoj razini\u201c od strane Ministarstva znanosti, obrazovanja i sporta odobren je projekt \u201e\u010cista petica\u201c. CILJ PROJEKTA: Razvijanje odgojno-obrazovnog sustava koji omogu\u0107uje stjecanje znanja i vje\u0161tina, te dodatnih kompetencija potrebnih za uspje\u0161an \u017eivot i u\u010denje u suvremenom dru\u0161tvu. SVRHA PROJEKTA:&hellip;<\/p>\n","protected":false},"author":6,"featured_media":0,"comment_status":"closed","ping_status":"closed","sticky":false,"template":"","format":"standard","meta":{"ngg_post_thumbnail":0,"_links_to":"","_links_to_target":""},"categories":[17],"tags":[],"_links":{"self":[{"href":"https:\/\/gav.hr\/index.php?rest_route=\/wp\/v2\/posts\/2231"}],"collection":[{"href":"https:\/\/gav.hr\/index.php?rest_route=\/wp\/v2\/posts"}],"about":[{"href":"https:\/\/gav.hr\/index.php?rest_route=\/wp\/v2\/types\/post"}],"author":[{"embeddable":true,"href":"https:\/\/gav.hr\/index.php?rest_route=\/wp\/v2\/users\/6"}],"replies":[{"embeddable":true,"href":"https:\/\/gav.hr\/index.php?rest_route=%2Fwp%2Fv2%2Fcomments&post=2231"}],"version-history":[{"count":2,"href":"https:\/\/gav.hr\/index.php?rest_route=\/wp\/v2\/posts\/2231\/revisions"}],"predecessor-version":[{"id":2233,"href":"https:\/\/gav.hr\/index.php?rest_route=\/wp\/v2\/posts\/2231\/revisions\/2233"}],"wp:attachment":[{"href":"https:\/\/gav.hr\/index.php?rest_route=%2Fwp%2Fv2%2Fmedia&parent=2231"}],"wp:term":[{"taxonomy":"category","embeddable":true,"href":"https:\/\/gav.hr\/index.php?rest_route=%2Fwp%2Fv2%2Fcategories&post=2231"},{"taxonomy":"post_tag","embeddable":true,"href":"https:\/\/gav.hr\/index.php?rest_route=%2Fwp%2Fv2%2Ftags&post=2231"}],"curies":[{"name":"wp","href":"https:\/\/api.w.org\/{rel}","templated":true}]}}