{"id":2347,"date":"2016-06-23T11:33:18","date_gmt":"2016-06-23T11:33:18","guid":{"rendered":"http:\/\/gav.hr\/?p=2347"},"modified":"2016-06-23T11:33:18","modified_gmt":"2016-06-23T11:33:18","slug":"podjela-svjedodzbi-3","status":"publish","type":"post","link":"https:\/\/gav.hr\/?p=2347","title":{"rendered":"Podjela svjedod\u017ebi"},"content":{"rendered":"<p>&nbsp;<\/p>\n<p>Podjela svjedod\u017ebi u\u010denicima 1., 2., i 3. razreda bit \u0107e u <strong>\u010detvrtak 30. lipnja 2016<\/strong>. prema sljede\u0107em rasporedu:<\/p>\n<table>\n<tbody>\n<tr>\n<td width=\"81\"><strong>1.A<\/strong><\/td>\n<td width=\"120\">br. 11 \u00a0 \u00a0 8:30<\/td>\n<td width=\"74\"><strong>2.A<\/strong><\/td>\n<td width=\"127\">Crt. \u00a0 \u00a0 \u00a0 8:30<\/td>\n<td width=\"75\"><strong>3.A<\/strong><\/td>\n<td width=\"126\">br. 20\u00a0\u00a0\u00a0\u00a0 8:30<\/td>\n<\/tr>\n<tr>\n<td width=\"81\"><strong>1.B<\/strong><\/td>\n<td width=\"120\">br. 11 \u00a0 \u00a0 8:45<\/td>\n<td width=\"74\"><strong>2.B<\/strong><\/td>\n<td width=\"127\">Crt. \u00a0 \u00a0 \u00a0 8:45<\/td>\n<td width=\"75\"><strong>3.B<\/strong><\/td>\n<td width=\"126\">br. 20\u00a0\u00a0\u00a0\u00a0 8:45<\/td>\n<\/tr>\n<tr>\n<td width=\"81\"><strong>1.C<\/strong><\/td>\n<td width=\"120\">br. 11\u00a0\u00a0\u00a0\u00a0 9:00<\/td>\n<td width=\"74\"><strong>2.C<\/strong><\/td>\n<td width=\"127\">Crt. \u00a0 \u00a0 \u00a0 9:00<\/td>\n<td width=\"75\"><strong>3.C<\/strong><\/td>\n<td width=\"126\">br. 20\u00a0\u00a0\u00a0\u00a0 9:00<\/td>\n<\/tr>\n<tr>\n<td width=\"81\"><strong>1.D<\/strong><\/td>\n<td width=\"120\">br. 11\u00a0\u00a0\u00a0\u00a0 11:30<\/td>\n<td width=\"74\"><strong>2.D<\/strong><\/td>\n<td width=\"127\">Crt. \u00a0 \u00a0 \u00a0 9:15<\/td>\n<td width=\"75\"><strong>3.D<\/strong><\/td>\n<td width=\"126\">br. 15\u00a0\u00a0\u00a0\u00a0 11:30<\/td>\n<\/tr>\n<tr>\n<td width=\"81\"><strong>1.E<\/strong><\/td>\n<td width=\"120\">br. 11\u00a0\u00a0\u00a0\u00a0 11:45<\/td>\n<td width=\"74\"><strong>2.E<\/strong><\/td>\n<td width=\"127\">Crt. \u00a0 \u00a0 \u00a0 9:30<\/td>\n<td width=\"75\"><strong>3.E<\/strong><\/td>\n<td width=\"126\">br. 15\u00a0\u00a0\u00a0\u00a0 11:45<\/td>\n<\/tr>\n<tr>\n<td width=\"81\"><strong>1.F<\/strong><\/td>\n<td width=\"120\">br. 11\u00a0\u00a0\u00a0\u00a0 12:00<\/td>\n<td width=\"74\"><strong>2.F<\/strong><\/td>\n<td width=\"127\">Crt. \u00a0 \u00a0 \u00a0 9:45<\/td>\n<td width=\"75\"><strong>3.F<\/strong><\/td>\n<td width=\"126\">br. 15\u00a0\u00a0\u00a0\u00a0 12:00<\/td>\n<\/tr>\n<\/tbody>\n<\/table>\n<p><strong>NAPOMENA:<\/strong><\/p>\n<ol>\n<li>U\u010denici su du\u017eni vratiti posu\u0111ene knjige u \u0161kolsku knji\u017enicu<\/li>\n<li>Podjela svjedod\u017ebi <strong>nakon dopunskog rada<\/strong> za u\u010denike 1.,2., i 3. razreda bit \u0107e u <strong>petak 8. srpnja 2016. u 12:30 sati.<\/strong><\/li>\n<\/ol>\n<p><strong>\u00a0<\/strong><\/p>\n<p>Ravnateljica<\/p>\n<p>Ivanica Belamari\u0107, prof.<\/p>\n","protected":false},"excerpt":{"rendered":"<p>&nbsp; Podjela svjedod\u017ebi u\u010denicima 1., 2., i 3. razreda bit \u0107e u \u010detvrtak 30. lipnja 2016. prema sljede\u0107em rasporedu: 1.A br. 11 \u00a0 \u00a0 8:30 2.A Crt. \u00a0 \u00a0 \u00a0 8:30 3.A br. 20\u00a0\u00a0\u00a0\u00a0 8:30 1.B br. 11 \u00a0 \u00a0 8:45 2.B Crt. \u00a0 \u00a0 \u00a0 8:45 3.B br. 20\u00a0\u00a0\u00a0\u00a0 8:45 1.C br. 11\u00a0\u00a0\u00a0\u00a0 9:00&hellip;<\/p>\n","protected":false},"author":6,"featured_media":0,"comment_status":"closed","ping_status":"closed","sticky":false,"template":"","format":"standard","meta":{"ngg_post_thumbnail":0,"_links_to":"","_links_to_target":""},"categories":[8],"tags":[],"_links":{"self":[{"href":"https:\/\/gav.hr\/index.php?rest_route=\/wp\/v2\/posts\/2347"}],"collection":[{"href":"https:\/\/gav.hr\/index.php?rest_route=\/wp\/v2\/posts"}],"about":[{"href":"https:\/\/gav.hr\/index.php?rest_route=\/wp\/v2\/types\/post"}],"author":[{"embeddable":true,"href":"https:\/\/gav.hr\/index.php?rest_route=\/wp\/v2\/users\/6"}],"replies":[{"embeddable":true,"href":"https:\/\/gav.hr\/index.php?rest_route=%2Fwp%2Fv2%2Fcomments&post=2347"}],"version-history":[{"count":7,"href":"https:\/\/gav.hr\/index.php?rest_route=\/wp\/v2\/posts\/2347\/revisions"}],"predecessor-version":[{"id":2354,"href":"https:\/\/gav.hr\/index.php?rest_route=\/wp\/v2\/posts\/2347\/revisions\/2354"}],"wp:attachment":[{"href":"https:\/\/gav.hr\/index.php?rest_route=%2Fwp%2Fv2%2Fmedia&parent=2347"}],"wp:term":[{"taxonomy":"category","embeddable":true,"href":"https:\/\/gav.hr\/index.php?rest_route=%2Fwp%2Fv2%2Fcategories&post=2347"},{"taxonomy":"post_tag","embeddable":true,"href":"https:\/\/gav.hr\/index.php?rest_route=%2Fwp%2Fv2%2Ftags&post=2347"}],"curies":[{"name":"wp","href":"https:\/\/api.w.org\/{rel}","templated":true}]}}