{"id":2362,"date":"2016-07-01T10:24:14","date_gmt":"2016-07-01T10:24:14","guid":{"rendered":"http:\/\/gav.hr\/?p=2362"},"modified":"2016-07-11T07:27:08","modified_gmt":"2016-07-11T07:27:08","slug":"upis-u-prve-razrede-2","status":"publish","type":"post","link":"https:\/\/gav.hr\/?p=2362","title":{"rendered":"Upis u prve razrede"},"content":{"rendered":"<p style=\"color: #000000;\"><span style=\"font-style: inherit;\">Upis u prve razrede odvijat \u0107e se u Gimnaziji Antuna Vran\u010di\u0107a\u00a0<span style=\"font-weight: bold; font-style: inherit;\">od 11. do 15. srpnja 2016.<\/span>\u00a0<\/span><span style=\"font-style: inherit;\">u vremenu\u00a0<span style=\"font-weight: bold; font-style: inherit;\">od 9 do 12\u00a0sati\u00a0<\/span><span style=\"font-style: inherit;\">u u\u010dionici<\/span><span style=\"font-style: inherit;\">\u00a0br. 11<\/span>.\u00a0<\/span><\/p>\n<p style=\"color: #000000;\"><span style=\"font-style: inherit;\">U\u010denici su du\u017eni sa sobom ponijeti:<\/span><\/p>\n<ul style=\"color: #000000;\">\n<li style=\"font-style: inherit;\"><span style=\"font-style: inherit;\">potpisanu upisnicu<\/span><\/li>\n<li style=\"font-style: inherit;\">potvrdu o pla\u0107enoj upisnini \u2013 p<span style=\"font-style: inherit;\">rimjerak uplatnice ili potvrdu o upla\u0107enom iznosu ako se radi o\u00a0internet bankarstvu (ogledni primjerak uplatnice nalazi se na stranici)<\/span><\/li>\n<li style=\"font-style: inherit;\">dokumentaciju\u00a0na temelju koje su dobili dodatne bodove (zdravstvene te\u0161ko\u0107e, te\u0161ki socijani uvijeti)<\/li>\n<\/ul>\n<p><a href=\"http:\/\/gav.hr\/wp-content\/uploads\/2015\/07\/UPLATNICA-001.jpg\"><img loading=\"lazy\" class=\"alignleft wp-image-2361 size-medium\" src=\"http:\/\/gav.hr\/wp-content\/uploads\/2015\/07\/UPLATNICA-001-300x202.jpg\" alt=\"UPLATNICA 001\" width=\"300\" height=\"202\" srcset=\"https:\/\/gav.hr\/wp-content\/uploads\/2015\/07\/UPLATNICA-001-300x202.jpg 300w, https:\/\/gav.hr\/wp-content\/uploads\/2015\/07\/UPLATNICA-001-1024x691.jpg 1024w, https:\/\/gav.hr\/wp-content\/uploads\/2015\/07\/UPLATNICA-001.jpg 1776w\" sizes=\"(max-width: 300px) 100vw, 300px\" \/><\/a><a href=\"http:\/\/gav.hr\/wp-content\/uploads\/2015\/07\/UPLATNICA-001.jpg\"><br class=\"Apple-interchange-newline\" \/><\/a><\/p>\n","protected":false},"excerpt":{"rendered":"<p>Upis u prve razrede odvijat \u0107e se u Gimnaziji Antuna Vran\u010di\u0107a\u00a0od 11. do 15. srpnja 2016.\u00a0u vremenu\u00a0od 9 do 12\u00a0sati\u00a0u u\u010dionici\u00a0br. 11.\u00a0 U\u010denici su du\u017eni sa sobom ponijeti: potpisanu upisnicu potvrdu o pla\u0107enoj upisnini \u2013 primjerak uplatnice ili potvrdu o upla\u0107enom iznosu ako se radi o\u00a0internet bankarstvu (ogledni primjerak uplatnice nalazi se na stranici) dokumentaciju\u00a0na&hellip;<\/p>\n","protected":false},"author":6,"featured_media":0,"comment_status":"closed","ping_status":"closed","sticky":false,"template":"","format":"standard","meta":{"ngg_post_thumbnail":0,"_links_to":"","_links_to_target":""},"categories":[8],"tags":[],"_links":{"self":[{"href":"https:\/\/gav.hr\/index.php?rest_route=\/wp\/v2\/posts\/2362"}],"collection":[{"href":"https:\/\/gav.hr\/index.php?rest_route=\/wp\/v2\/posts"}],"about":[{"href":"https:\/\/gav.hr\/index.php?rest_route=\/wp\/v2\/types\/post"}],"author":[{"embeddable":true,"href":"https:\/\/gav.hr\/index.php?rest_route=\/wp\/v2\/users\/6"}],"replies":[{"embeddable":true,"href":"https:\/\/gav.hr\/index.php?rest_route=%2Fwp%2Fv2%2Fcomments&post=2362"}],"version-history":[{"count":2,"href":"https:\/\/gav.hr\/index.php?rest_route=\/wp\/v2\/posts\/2362\/revisions"}],"predecessor-version":[{"id":2365,"href":"https:\/\/gav.hr\/index.php?rest_route=\/wp\/v2\/posts\/2362\/revisions\/2365"}],"wp:attachment":[{"href":"https:\/\/gav.hr\/index.php?rest_route=%2Fwp%2Fv2%2Fmedia&parent=2362"}],"wp:term":[{"taxonomy":"category","embeddable":true,"href":"https:\/\/gav.hr\/index.php?rest_route=%2Fwp%2Fv2%2Fcategories&post=2362"},{"taxonomy":"post_tag","embeddable":true,"href":"https:\/\/gav.hr\/index.php?rest_route=%2Fwp%2Fv2%2Ftags&post=2362"}],"curies":[{"name":"wp","href":"https:\/\/api.w.org\/{rel}","templated":true}]}}