{"id":2382,"date":"2016-07-19T09:36:07","date_gmt":"2016-07-19T09:36:07","guid":{"rendered":"http:\/\/gav.hr\/?p=2382"},"modified":"2016-07-19T09:36:07","modified_gmt":"2016-07-19T09:36:07","slug":"obavijest-maturantima-8","status":"publish","type":"post","link":"https:\/\/gav.hr\/?p=2382","title":{"rendered":"Obavijest maturantima"},"content":{"rendered":"<p><strong><em><a href=\"http:\/\/gav.hr\/wp-content\/uploads\/2013\/01\/drzavna-matura.jpg\"><img loading=\"lazy\" class=\"alignleft size-full wp-image-444\" src=\"http:\/\/gav.hr\/wp-content\/uploads\/2013\/01\/drzavna-matura.jpg\" alt=\"drzavna matura\" width=\"241\" height=\"209\" srcset=\"https:\/\/gav.hr\/wp-content\/uploads\/2013\/01\/drzavna-matura.jpg 241w, https:\/\/gav.hr\/wp-content\/uploads\/2013\/01\/drzavna-matura-201x175.jpg 201w\" sizes=\"(max-width: 241px) 100vw, 241px\" \/><\/a>Sve\u010dana podjela svjedod\u017ebi <\/em><\/strong><em>\u00a0i potvrda o polo\u017eenim ispitima<strong> dr\u017eavne mature <\/strong>bit \u0107e u \u010detvrtak, <strong>21. srpnja 2016. godine u 10:00<\/strong> sati u sve\u010danoj dvorani \u0161kole. <\/em><\/p>\n<p>&nbsp;<\/p>\n<p><em>Pozivamo roditelje i u\u010denike da nazo\u010de ovom sve\u010danom \u010dinu, te molimo sve maturante da do\u0111u odjeveni primjereno prigodi (po\u0161tuju\u0107i kodeks odijevanja).<\/em><\/p>\n<p>&nbsp;<\/p>\n<p>Ravnateljica<\/p>\n<p>Ivanica Belamari\u0107, prof.<\/p>\n","protected":false},"excerpt":{"rendered":"<p>Sve\u010dana podjela svjedod\u017ebi \u00a0i potvrda o polo\u017eenim ispitima dr\u017eavne mature bit \u0107e u \u010detvrtak, 21. srpnja 2016. godine u 10:00 sati u sve\u010danoj dvorani \u0161kole. &nbsp; Pozivamo roditelje i u\u010denike da nazo\u010de ovom sve\u010danom \u010dinu, te molimo sve maturante da do\u0111u odjeveni primjereno prigodi (po\u0161tuju\u0107i kodeks odijevanja). &nbsp; Ravnateljica Ivanica Belamari\u0107, prof.<\/p>\n","protected":false},"author":6,"featured_media":0,"comment_status":"closed","ping_status":"closed","sticky":false,"template":"","format":"standard","meta":{"ngg_post_thumbnail":0,"_links_to":"","_links_to_target":""},"categories":[8],"tags":[],"_links":{"self":[{"href":"https:\/\/gav.hr\/index.php?rest_route=\/wp\/v2\/posts\/2382"}],"collection":[{"href":"https:\/\/gav.hr\/index.php?rest_route=\/wp\/v2\/posts"}],"about":[{"href":"https:\/\/gav.hr\/index.php?rest_route=\/wp\/v2\/types\/post"}],"author":[{"embeddable":true,"href":"https:\/\/gav.hr\/index.php?rest_route=\/wp\/v2\/users\/6"}],"replies":[{"embeddable":true,"href":"https:\/\/gav.hr\/index.php?rest_route=%2Fwp%2Fv2%2Fcomments&post=2382"}],"version-history":[{"count":1,"href":"https:\/\/gav.hr\/index.php?rest_route=\/wp\/v2\/posts\/2382\/revisions"}],"predecessor-version":[{"id":2383,"href":"https:\/\/gav.hr\/index.php?rest_route=\/wp\/v2\/posts\/2382\/revisions\/2383"}],"wp:attachment":[{"href":"https:\/\/gav.hr\/index.php?rest_route=%2Fwp%2Fv2%2Fmedia&parent=2382"}],"wp:term":[{"taxonomy":"category","embeddable":true,"href":"https:\/\/gav.hr\/index.php?rest_route=%2Fwp%2Fv2%2Fcategories&post=2382"},{"taxonomy":"post_tag","embeddable":true,"href":"https:\/\/gav.hr\/index.php?rest_route=%2Fwp%2Fv2%2Ftags&post=2382"}],"curies":[{"name":"wp","href":"https:\/\/api.w.org\/{rel}","templated":true}]}}