{"id":2407,"date":"2016-09-01T10:05:37","date_gmt":"2016-09-01T10:05:37","guid":{"rendered":"http:\/\/gav.hr\/?p=2407"},"modified":"2016-09-01T17:25:53","modified_gmt":"2016-09-01T17:25:53","slug":"pocetak-nastavne-godine","status":"publish","type":"post","link":"https:\/\/gav.hr\/?p=2407","title":{"rendered":"Po\u010detak nastavne godine"},"content":{"rendered":"<p><a href=\"http:\/\/gav.hr\/wp-content\/uploads\/2016\/09\/zvono.jpg\"><img loading=\"lazy\" class=\"alignleft wp-image-2408 size-thumbnail\" src=\"http:\/\/gav.hr\/wp-content\/uploads\/2016\/09\/zvono-150x150.jpg\" alt=\"zvono\" width=\"150\" height=\"150\" \/><\/a>Nova nastavna godina zapo\u010dinje u\u00a0<strong>ponedjeljak 05. rujna<\/strong>\u00a0u jutarnjoj smjeni<strong>\u00a0u 8:00 sati<\/strong>.<\/p>\n<p><strong>U\u010denici 2. \u2013 4. razreda<\/strong> prva 2 sata imaju sat razrednika u navedenim u\u010dionicama, nakon \u010dega se odvija nastava po rasporedu sati. Upis za navedene u\u010denike \u0107e se odr\u017eati prvi nastavni dan (potrebna svjedod\u017eba o prethodno zavr\u0161enom razredu i kopija uplatnice -posebne aktivnosti i usluga \u0161kole- od 200 kuna. Uplatnicu mo\u017eete vidjeti <a href=\"http:\/\/gav.hr\/wp-content\/uploads\/2015\/07\/UPLATNICA-001.jpg\">ovdje<\/a>.)<\/p>\n<p><strong>U<\/strong><strong>\u010denici 1. razreda<\/strong> u 8:00 sati dolaze u gornju sportsku dvoranu (sve\u010dana sala) nakon \u010dega s razrednicima odlaze u navedene u\u010dionice.<\/p>\n<p>&nbsp;<\/p>\n<p>1. a &#8211; u\u010d. br. 1\u00a0\u00a0\u00a0\u00a0\u00a0\u00a0\u00a0\u00a0\u00a0\u00a0\u00a0\u00a0\u00a0\u00a0\u00a0\u00a0\u00a0\u00a0\u00a0\u00a0\u00a0\u00a0\u00a0\u00a0\u00a0\u00a0\u00a0\u00a0\u00a0\u00a0\u00a0\u00a0 2. a \u2013 u\u010d. br. 20<\/p>\n<p>1. b &#8211; u\u010d. br. 2\u00a0\u00a0\u00a0\u00a0\u00a0\u00a0\u00a0\u00a0\u00a0\u00a0\u00a0\u00a0\u00a0\u00a0\u00a0\u00a0\u00a0\u00a0\u00a0\u00a0\u00a0\u00a0\u00a0\u00a0\u00a0\u00a0\u00a0\u00a0\u00a0\u00a0\u00a0 2. b \u2013 u\u010d. br. 12<\/p>\n<p>1. c &#8211; u\u010d. br. 3 \u00a0\u00a0\u00a0\u00a0\u00a0\u00a0\u00a0\u00a0\u00a0\u00a0\u00a0\u00a0\u00a0\u00a0\u00a0\u00a0\u00a0\u00a0\u00a0\u00a0\u00a0\u00a0\u00a0\u00a0\u00a0\u00a0\u00a0\u00a0\u00a0\u00a0 2. c \u2013 u\u010d. br. 23<\/p>\n<p>1. d &#8211; u\u010d. br. 4\u00a0\u00a0\u00a0\u00a0\u00a0\u00a0\u00a0\u00a0\u00a0\u00a0\u00a0\u00a0\u00a0\u00a0\u00a0\u00a0\u00a0\u00a0\u00a0\u00a0\u00a0\u00a0\u00a0\u00a0\u00a0\u00a0\u00a0\u00a0\u00a0\u00a0\u00a0 2. d \u2013 u\u010d. br. 29<\/p>\n<p>1. e &#8211; u\u010d. br. 5\u00a0\u00a0\u00a0\u00a0\u00a0\u00a0\u00a0\u00a0\u00a0\u00a0\u00a0\u00a0\u00a0\u00a0\u00a0\u00a0\u00a0\u00a0\u00a0\u00a0\u00a0\u00a0\u00a0\u00a0\u00a0\u00a0\u00a0\u00a0\u00a0\u00a0\u00a0\u00a0 2. e \u2013 u\u010d. br. 14<\/p>\n<p>1. f &#8211; u\u010d. br. 8\u00a0\u00a0\u00a0\u00a0\u00a0\u00a0\u00a0\u00a0\u00a0\u00a0\u00a0\u00a0\u00a0\u00a0\u00a0\u00a0\u00a0\u00a0\u00a0\u00a0\u00a0\u00a0\u00a0\u00a0\u00a0\u00a0\u00a0\u00a0\u00a0\u00a0\u00a0\u00a0 2. f \u2013 u\u010d. br. 11<\/p>\n<p>&nbsp;<\/p>\n<p>&nbsp;<\/p>\n<p>3. a \u2013 u\u010d. br. 19\u00a0\u00a0\u00a0\u00a0\u00a0\u00a0\u00a0\u00a0\u00a0\u00a0\u00a0\u00a0\u00a0\u00a0\u00a0\u00a0\u00a0\u00a0\u00a0\u00a0\u00a0\u00a0\u00a0\u00a0\u00a0\u00a0\u00a0\u00a0\u00a0 4. a \u2013 u\u010d. br. 26<\/p>\n<p>3. b \u2013 u\u010d. br. 15\u00a0\u00a0\u00a0\u00a0\u00a0\u00a0\u00a0\u00a0\u00a0\u00a0\u00a0\u00a0\u00a0\u00a0\u00a0\u00a0\u00a0\u00a0\u00a0\u00a0\u00a0\u00a0\u00a0\u00a0\u00a0\u00a0\u00a0\u00a0\u00a0 4. b \u2013 u\u010d. br. 22<\/p>\n<p>3. c \u2013 u\u010d. br. 9 \u00a0\u00a0\u00a0\u00a0\u00a0\u00a0\u00a0\u00a0\u00a0\u00a0\u00a0\u00a0\u00a0\u00a0\u00a0\u00a0\u00a0\u00a0\u00a0\u00a0\u00a0\u00a0\u00a0\u00a0\u00a0\u00a0\u00a0\u00a0\u00a0\u00a0 4. c \u2013 u\u010d. br. 27<\/p>\n<p>3. d \u2013 u\u010d. br. 18\u00a0\u00a0\u00a0\u00a0\u00a0\u00a0\u00a0\u00a0\u00a0\u00a0\u00a0\u00a0\u00a0\u00a0\u00a0\u00a0\u00a0\u00a0\u00a0\u00a0\u00a0\u00a0\u00a0\u00a0\u00a0\u00a0\u00a0\u00a0\u00a0 4. d \u2013 u\u010d. br. 25<\/p>\n<p>3. e \u2013 u\u010d. br. 13\u00a0\u00a0\u00a0\u00a0\u00a0\u00a0\u00a0\u00a0\u00a0\u00a0\u00a0\u00a0\u00a0\u00a0\u00a0\u00a0\u00a0\u00a0\u00a0\u00a0\u00a0\u00a0\u00a0\u00a0\u00a0\u00a0\u00a0\u00a0\u00a0 4. e \u2013 u\u010d. br. 28<\/p>\n<p>3. f \u2013 u\u010d. br. 21\u00a0\u00a0\u00a0\u00a0\u00a0\u00a0\u00a0\u00a0\u00a0\u00a0\u00a0\u00a0\u00a0\u00a0\u00a0\u00a0\u00a0\u00a0\u00a0\u00a0\u00a0\u00a0\u00a0\u00a0\u00a0\u00a0\u00a0\u00a0\u00a0 4. f \u2013 u\u010d. br. 30<\/p>\n<p>&nbsp;<\/p>\n<p>v. d. Ravnatelj:<\/p>\n<p>&nbsp;<\/p>\n<p>mr. sc. Josip Pai\u0107, prof.<\/p>\n","protected":false},"excerpt":{"rendered":"<p>Nova nastavna godina zapo\u010dinje u\u00a0ponedjeljak 05. rujna\u00a0u jutarnjoj smjeni\u00a0u 8:00 sati. U\u010denici 2. \u2013 4. razreda prva 2 sata imaju sat razrednika u navedenim u\u010dionicama, nakon \u010dega se odvija nastava po rasporedu sati. Upis za navedene u\u010denike \u0107e se odr\u017eati prvi nastavni dan (potrebna svjedod\u017eba o prethodno zavr\u0161enom razredu i kopija uplatnice -posebne aktivnosti i&hellip;<\/p>\n","protected":false},"author":6,"featured_media":0,"comment_status":"closed","ping_status":"closed","sticky":false,"template":"","format":"standard","meta":{"ngg_post_thumbnail":0,"_links_to":"","_links_to_target":""},"categories":[8],"tags":[],"_links":{"self":[{"href":"https:\/\/gav.hr\/index.php?rest_route=\/wp\/v2\/posts\/2407"}],"collection":[{"href":"https:\/\/gav.hr\/index.php?rest_route=\/wp\/v2\/posts"}],"about":[{"href":"https:\/\/gav.hr\/index.php?rest_route=\/wp\/v2\/types\/post"}],"author":[{"embeddable":true,"href":"https:\/\/gav.hr\/index.php?rest_route=\/wp\/v2\/users\/6"}],"replies":[{"embeddable":true,"href":"https:\/\/gav.hr\/index.php?rest_route=%2Fwp%2Fv2%2Fcomments&post=2407"}],"version-history":[{"count":2,"href":"https:\/\/gav.hr\/index.php?rest_route=\/wp\/v2\/posts\/2407\/revisions"}],"predecessor-version":[{"id":2411,"href":"https:\/\/gav.hr\/index.php?rest_route=\/wp\/v2\/posts\/2407\/revisions\/2411"}],"wp:attachment":[{"href":"https:\/\/gav.hr\/index.php?rest_route=%2Fwp%2Fv2%2Fmedia&parent=2407"}],"wp:term":[{"taxonomy":"category","embeddable":true,"href":"https:\/\/gav.hr\/index.php?rest_route=%2Fwp%2Fv2%2Fcategories&post=2407"},{"taxonomy":"post_tag","embeddable":true,"href":"https:\/\/gav.hr\/index.php?rest_route=%2Fwp%2Fv2%2Ftags&post=2407"}],"curies":[{"name":"wp","href":"https:\/\/api.w.org\/{rel}","templated":true}]}}