{"id":2443,"date":"2016-09-21T09:05:25","date_gmt":"2016-09-21T09:05:25","guid":{"rendered":"http:\/\/gav.hr\/?p=2443"},"modified":"2016-09-21T11:39:56","modified_gmt":"2016-09-21T11:39:56","slug":"aktivnosti-gimnazije-antuna-vrancica-za-950-obljetnicu-od-prvog-spomena-grada-sibenika","status":"publish","type":"post","link":"https:\/\/gav.hr\/?p=2443","title":{"rendered":"Aktivnosti Gimnazije Antuna Vran\u010di\u0107a za 950. obljetnicu od prvog spomena grada \u0160ibenika"},"content":{"rendered":"<ul>\n<li><strong>05.09. predavanje na temu &#8220;Gimnazijski vremeplov&#8221;\u00a0<\/strong><\/li>\n<\/ul>\n<p>Predava\u010di: Jasminka Pai\u0107, prof. (Gimnazija Antuna Vran\u010di\u0107a)<\/p>\n<p>Dra\u017eenka Po\u017ear Perkovi\u0107, ahivistica (Dr\u017eavni arhiv \u0160ibenik)<\/p>\n<p>Predavanje je\u00a0odr\u017eano je u Muzeju grada \u0160ibenika<\/p>\n<p>Prezentaciju mo\u017eete pogledati <a href=\"http:\/\/gav.hr\/?attachment_id=2466\" rel=\"attachment wp-att-2466\">ovdje<\/a>.<\/p>\n<ul>\n<li><strong>13.09.2016. u Muzeju grada \u0160ibenika odr\u017eano je predavanje \u0161ibenskih gimnazijalaca &#8220;\u0160ibenski gimnazijalci &#8211; istra\u017eiva\u010di ba\u0161tine Kre\u0161imirova grada&#8221;<\/strong><\/li>\n<\/ul>\n<p>Sudjelovali su u\u010denici:<\/p>\n<p>Lucia Bujas, 4.B<\/p>\n<p>Lucija Duji\u0107, 4.B<\/p>\n<p>Maja Vrbi\u010di\u0107, 4.E<\/p>\n<p>\u0110i\u0111i Delali\u0107 4.C<\/p>\n<p>Biv\u0161a u\u010denica Nikolina Vu\u010denovi\u0107 (studentica medicine)<\/p>\n<p>Moderator: Teodora Markovi\u0107, 4.B<\/p>\n<ul>\n<li><strong>16.09.2016. odr\u017eana je terenska nastava povodom 25. obljetnice HRM<\/strong><\/li>\n<\/ul>\n<p>-razgledavanje brodova i predavanje o povijesti i aktivnosti HRM<\/p>\n<p>Mentori: Jasminka Pai\u0107, prof. i Irena Sa\u010di\u0107, prof.<\/p>\n<ul>\n<li><strong>20.09.2016 u 17:00 u gradskoj knji\u017enici &#8220;Juraj \u0160i\u017egori\u0107&#8221;odr\u017eana je tribina &#8220;Kako je \u0160ibenik stvarao Hrvatsku ratnu mornaricu&#8221;<\/strong><\/li>\n<\/ul>\n<p><em>Gosti tribine su:<\/em><\/p>\n<p>Nikola Vuko\u0161i\u0107, Stipe \u010catlak, Stanko Feri\u0107, Marko Ko\u0161tan i Vinko Papak (sudionici Rujanskog rata)<\/p>\n<p>U\u010denici: Ante Mei\u0107 Sidi\u0107, 4.A i Petar Pedi\u0161i\u0107, 4.D<\/p>\n<p>Mentori: Jasminka Pai\u0107, prof. i Irena Sa\u010di\u0107, prof.<\/p>\n<p>\u010clanice gimnazijske klape &#8220;Gimnazijalke&#8221;<\/p>\n<ul>\n<li><strong>26.09.2016 (ponedjeljak) u 12:00 u gradskoj knji\u017enici &#8220;Juraj \u0160i\u017egori\u0107&#8221;\u00a0odr\u017eat \u0107e se Kviz znanja: &#8220;Koliko znamo o Kre\u0161imirovu gradu&#8221;<\/strong> &#8211; kviz za srednjo\u0161kolce grada \u0160ibenika<\/li>\n<\/ul>\n<p>Organizator: Gimnazija Antuna Vran\u010di\u0107a (aktiv povijesti gimnazije)<\/p>\n","protected":false},"excerpt":{"rendered":"<p>05.09. predavanje na temu &#8220;Gimnazijski vremeplov&#8221;\u00a0 Predava\u010di: Jasminka Pai\u0107, prof. (Gimnazija Antuna Vran\u010di\u0107a) Dra\u017eenka Po\u017ear Perkovi\u0107, ahivistica (Dr\u017eavni arhiv \u0160ibenik) Predavanje je\u00a0odr\u017eano je u Muzeju grada \u0160ibenika Prezentaciju mo\u017eete pogledati ovdje. 13.09.2016. u Muzeju grada \u0160ibenika odr\u017eano je predavanje \u0161ibenskih gimnazijalaca &#8220;\u0160ibenski gimnazijalci &#8211; istra\u017eiva\u010di ba\u0161tine Kre\u0161imirova grada&#8221; Sudjelovali su u\u010denici: Lucia Bujas, 4.B Lucija&hellip;<\/p>\n","protected":false},"author":2,"featured_media":0,"comment_status":"closed","ping_status":"closed","sticky":false,"template":"","format":"standard","meta":{"ngg_post_thumbnail":0,"_links_to":"","_links_to_target":""},"categories":[19],"tags":[],"_links":{"self":[{"href":"https:\/\/gav.hr\/index.php?rest_route=\/wp\/v2\/posts\/2443"}],"collection":[{"href":"https:\/\/gav.hr\/index.php?rest_route=\/wp\/v2\/posts"}],"about":[{"href":"https:\/\/gav.hr\/index.php?rest_route=\/wp\/v2\/types\/post"}],"author":[{"embeddable":true,"href":"https:\/\/gav.hr\/index.php?rest_route=\/wp\/v2\/users\/2"}],"replies":[{"embeddable":true,"href":"https:\/\/gav.hr\/index.php?rest_route=%2Fwp%2Fv2%2Fcomments&post=2443"}],"version-history":[{"count":7,"href":"https:\/\/gav.hr\/index.php?rest_route=\/wp\/v2\/posts\/2443\/revisions"}],"predecessor-version":[{"id":2468,"href":"https:\/\/gav.hr\/index.php?rest_route=\/wp\/v2\/posts\/2443\/revisions\/2468"}],"wp:attachment":[{"href":"https:\/\/gav.hr\/index.php?rest_route=%2Fwp%2Fv2%2Fmedia&parent=2443"}],"wp:term":[{"taxonomy":"category","embeddable":true,"href":"https:\/\/gav.hr\/index.php?rest_route=%2Fwp%2Fv2%2Fcategories&post=2443"},{"taxonomy":"post_tag","embeddable":true,"href":"https:\/\/gav.hr\/index.php?rest_route=%2Fwp%2Fv2%2Ftags&post=2443"}],"curies":[{"name":"wp","href":"https:\/\/api.w.org\/{rel}","templated":true}]}}