{"id":2664,"date":"2016-10-20T11:15:13","date_gmt":"2016-10-20T11:15:13","guid":{"rendered":"http:\/\/gav.hr\/?p=2664"},"modified":"2016-10-20T11:44:23","modified_gmt":"2016-10-20T11:44:23","slug":"konferencija-za-medije-u-sibeniku","status":"publish","type":"post","link":"https:\/\/gav.hr\/?p=2664","title":{"rendered":"Konferencija za medije u \u0160ibeniku"},"content":{"rendered":"<p><span style=\"color: #000000;\">U Gradskoj vije\u0107nici u \u0160ibeniku su na konferenciji za medije 23. rujna 2016. godine predstavljeni kurikulumi novih fakultativnih predmeta iz matematike i prirodoslovlja za srednje \u0161kole: &#8220;Matematika u svakodnevnom \u017eivotu&#8221;, &#8220;Meteorologija i klimatologija&#8221; i &#8220;Farmacija i botanika&#8221;. Nakon konferencije za medije odr\u017ean je i okrugli stol o novim kurikulumima na kojem su \u010dlanovi radnih skupina kurikulume i nastavne materijale pobli\u017ee predstavili u\u010denicima, nastavnicima i roditeljima.<\/span><\/p>\n<div id='gallery-1' class='gallery galleryid-2664 gallery-columns-4 gallery-size-thumbnail'><figure class='gallery-item'>\n\t\t\t<div class='gallery-icon landscape'>\n\t\t\t\t<a href='https:\/\/gav.hr\/wp-content\/uploads\/2016\/10\/0181.jpg'><img width=\"150\" height=\"150\" src=\"https:\/\/gav.hr\/wp-content\/uploads\/2016\/10\/0181-150x150.jpg\" class=\"attachment-thumbnail size-thumbnail\" alt=\"\" loading=\"lazy\" \/><\/a>\n\t\t\t<\/div><\/figure><figure class='gallery-item'>\n\t\t\t<div class='gallery-icon landscape'>\n\t\t\t\t<a href='https:\/\/gav.hr\/wp-content\/uploads\/2016\/10\/0161.jpg'><img width=\"150\" height=\"150\" src=\"https:\/\/gav.hr\/wp-content\/uploads\/2016\/10\/0161-150x150.jpg\" class=\"attachment-thumbnail size-thumbnail\" alt=\"\" loading=\"lazy\" \/><\/a>\n\t\t\t<\/div><\/figure><figure class='gallery-item'>\n\t\t\t<div class='gallery-icon landscape'>\n\t\t\t\t<a href='https:\/\/gav.hr\/wp-content\/uploads\/2016\/10\/019.jpg'><img width=\"150\" height=\"150\" src=\"https:\/\/gav.hr\/wp-content\/uploads\/2016\/10\/019-150x150.jpg\" class=\"attachment-thumbnail size-thumbnail\" alt=\"\" loading=\"lazy\" \/><\/a>\n\t\t\t<\/div><\/figure><figure class='gallery-item'>\n\t\t\t<div class='gallery-icon landscape'>\n\t\t\t\t<a href='https:\/\/gav.hr\/wp-content\/uploads\/2016\/10\/0082.jpg'><img width=\"150\" height=\"150\" src=\"https:\/\/gav.hr\/wp-content\/uploads\/2016\/10\/0082-150x150.jpg\" class=\"attachment-thumbnail size-thumbnail\" alt=\"\" loading=\"lazy\" \/><\/a>\n\t\t\t<\/div><\/figure>\n\t\t<\/div>\n\n<p>&nbsp;<\/p>\n","protected":false},"excerpt":{"rendered":"<p>U Gradskoj vije\u0107nici u \u0160ibeniku su na konferenciji za medije 23. rujna 2016. godine predstavljeni kurikulumi novih fakultativnih predmeta iz matematike i prirodoslovlja za srednje \u0161kole: &#8220;Matematika u svakodnevnom \u017eivotu&#8221;, &#8220;Meteorologija i klimatologija&#8221; i &#8220;Farmacija i botanika&#8221;. Nakon konferencije za medije odr\u017ean je i okrugli stol o novim kurikulumima na kojem su \u010dlanovi radnih skupina&hellip;<\/p>\n","protected":false},"author":2,"featured_media":0,"comment_status":"closed","ping_status":"closed","sticky":false,"template":"","format":"standard","meta":{"ngg_post_thumbnail":0,"_links_to":"","_links_to_target":""},"categories":[17],"tags":[],"_links":{"self":[{"href":"https:\/\/gav.hr\/index.php?rest_route=\/wp\/v2\/posts\/2664"}],"collection":[{"href":"https:\/\/gav.hr\/index.php?rest_route=\/wp\/v2\/posts"}],"about":[{"href":"https:\/\/gav.hr\/index.php?rest_route=\/wp\/v2\/types\/post"}],"author":[{"embeddable":true,"href":"https:\/\/gav.hr\/index.php?rest_route=\/wp\/v2\/users\/2"}],"replies":[{"embeddable":true,"href":"https:\/\/gav.hr\/index.php?rest_route=%2Fwp%2Fv2%2Fcomments&post=2664"}],"version-history":[{"count":4,"href":"https:\/\/gav.hr\/index.php?rest_route=\/wp\/v2\/posts\/2664\/revisions"}],"predecessor-version":[{"id":2673,"href":"https:\/\/gav.hr\/index.php?rest_route=\/wp\/v2\/posts\/2664\/revisions\/2673"}],"wp:attachment":[{"href":"https:\/\/gav.hr\/index.php?rest_route=%2Fwp%2Fv2%2Fmedia&parent=2664"}],"wp:term":[{"taxonomy":"category","embeddable":true,"href":"https:\/\/gav.hr\/index.php?rest_route=%2Fwp%2Fv2%2Fcategories&post=2664"},{"taxonomy":"post_tag","embeddable":true,"href":"https:\/\/gav.hr\/index.php?rest_route=%2Fwp%2Fv2%2Ftags&post=2664"}],"curies":[{"name":"wp","href":"https:\/\/api.w.org\/{rel}","templated":true}]}}