{"id":3676,"date":"2017-07-04T22:02:51","date_gmt":"2017-07-04T20:02:51","guid":{"rendered":"http:\/\/gav.hr\/?p=3676"},"modified":"2021-01-12T20:01:57","modified_gmt":"2021-01-12T18:01:57","slug":"nastup-klape-gimnazijalke","status":"publish","type":"post","link":"https:\/\/gav.hr\/?p=3676","title":{"rendered":"Nastup klape &#8220;Gimnazijalke&#8221;"},"content":{"rendered":"<p style=\"text-align: left;\"><span style=\"color: #222222;\">Koncert pod nazivom \u2018Tebi grade\u2019 odr\u017eala je \u0161ibenska klapa \u2018Adriaticum\u2019 \u00a023.6.2017\u00a0na Dobri\u0107u u sklopu no\u0107nog programa Me\u0111unarodnog dje\u010djeg festivala, a go\u0161\u0107e su im bile na\u0161e sve popularnije \u2018Gimnazijalke\u2019. Atmosferu pogledajte na slikama.<\/span><\/p>\n<p>&nbsp;<\/p>\n<div id='gallery-1' class='gallery galleryid-3676 gallery-columns-3 gallery-size-thumbnail'><figure class='gallery-item'>\n\t\t\t<div class='gallery-icon landscape'>\n\t\t\t\t<a href='https:\/\/gav.hr\/wp-content\/uploads\/2017\/07\/image-0-02-05-0d8aeafd72b4119a6f2ab88f2bbdad3e7f5fd63f2187feab9b23731b8103db0b-V.jpg'><img width=\"150\" height=\"150\" src=\"https:\/\/gav.hr\/wp-content\/uploads\/2017\/07\/image-0-02-05-0d8aeafd72b4119a6f2ab88f2bbdad3e7f5fd63f2187feab9b23731b8103db0b-V-150x150.jpg\" class=\"attachment-thumbnail size-thumbnail\" alt=\"\" loading=\"lazy\" \/><\/a>\n\t\t\t<\/div><\/figure><figure class='gallery-item'>\n\t\t\t<div class='gallery-icon landscape'>\n\t\t\t\t<a href='https:\/\/gav.hr\/wp-content\/uploads\/2017\/07\/20170623_223338.jpg'><img width=\"150\" height=\"150\" src=\"https:\/\/gav.hr\/wp-content\/uploads\/2017\/07\/20170623_223338-150x150.jpg\" class=\"attachment-thumbnail size-thumbnail\" alt=\"\" loading=\"lazy\" \/><\/a>\n\t\t\t<\/div><\/figure>\n\t\t<\/div>\n\n<p>&nbsp;<\/p>\n","protected":false},"excerpt":{"rendered":"<p>Koncert pod nazivom \u2018Tebi grade\u2019 odr\u017eala je \u0161ibenska klapa \u2018Adriaticum\u2019 \u00a023.6.2017\u00a0na Dobri\u0107u u sklopu no\u0107nog programa Me\u0111unarodnog dje\u010djeg festivala, a go\u0161\u0107e su im bile na\u0161e sve popularnije \u2018Gimnazijalke\u2019. Atmosferu pogledajte na slikama. &nbsp; &nbsp;<\/p>\n","protected":false},"author":2,"featured_media":0,"comment_status":"closed","ping_status":"closed","sticky":false,"template":"","format":"standard","meta":{"ngg_post_thumbnail":0,"_links_to":"","_links_to_target":""},"categories":[22,8],"tags":[],"_links":{"self":[{"href":"https:\/\/gav.hr\/index.php?rest_route=\/wp\/v2\/posts\/3676"}],"collection":[{"href":"https:\/\/gav.hr\/index.php?rest_route=\/wp\/v2\/posts"}],"about":[{"href":"https:\/\/gav.hr\/index.php?rest_route=\/wp\/v2\/types\/post"}],"author":[{"embeddable":true,"href":"https:\/\/gav.hr\/index.php?rest_route=\/wp\/v2\/users\/2"}],"replies":[{"embeddable":true,"href":"https:\/\/gav.hr\/index.php?rest_route=%2Fwp%2Fv2%2Fcomments&post=3676"}],"version-history":[{"count":1,"href":"https:\/\/gav.hr\/index.php?rest_route=\/wp\/v2\/posts\/3676\/revisions"}],"predecessor-version":[{"id":3679,"href":"https:\/\/gav.hr\/index.php?rest_route=\/wp\/v2\/posts\/3676\/revisions\/3679"}],"wp:attachment":[{"href":"https:\/\/gav.hr\/index.php?rest_route=%2Fwp%2Fv2%2Fmedia&parent=3676"}],"wp:term":[{"taxonomy":"category","embeddable":true,"href":"https:\/\/gav.hr\/index.php?rest_route=%2Fwp%2Fv2%2Fcategories&post=3676"},{"taxonomy":"post_tag","embeddable":true,"href":"https:\/\/gav.hr\/index.php?rest_route=%2Fwp%2Fv2%2Ftags&post=3676"}],"curies":[{"name":"wp","href":"https:\/\/api.w.org\/{rel}","templated":true}]}}