{"id":3680,"date":"2017-07-04T22:18:24","date_gmt":"2017-07-04T20:18:24","guid":{"rendered":"http:\/\/gav.hr\/?p=3680"},"modified":"2021-01-12T20:07:00","modified_gmt":"2021-01-12T18:07:00","slug":"gimnazijalke-otvorile-smotru-klapa-na-gorici","status":"publish","type":"post","link":"https:\/\/gav.hr\/?p=3680","title":{"rendered":"&#8220;Gimnazijalke&#8221; otvorile smotru klapa na Gorici"},"content":{"rendered":"<p style=\"text-align: justify;\">Zajednica udruga klapa \u0160ibensko-kninske \u017eupanije koja organizira klapsku serenadu pod nazivom &#8221;POD FORTICON SVETE ANE&#8221;, ove godine je pozvala klapu\u00a0&#8221;GIMNAZIJALKE&#8221; da svojim mladena\u010dkim zvukom otvori smotru klapa na Gorici 3.7.2017. Tako su se na\u0161le u dru\u0161tvu renomiranih klapa na\u0161e \u017eupanije koje se redovno natje\u010du na Festivalu dalmatinskih klapa u Omi\u0161u. Mozda im se jednog dana i one pridru\u017ee te isku\u0161aju svoje snage na kultnoj omi\u0161koj pozornici.<\/p>\n<div id='gallery-1' class='gallery galleryid-3680 gallery-columns-5 gallery-size-thumbnail'><figure class='gallery-item'>\n\t\t\t<div class='gallery-icon landscape'>\n\t\t\t\t<a href='https:\/\/gav.hr\/wp-content\/uploads\/2017\/07\/20170703_211606.jpg'><img width=\"150\" height=\"150\" src=\"https:\/\/gav.hr\/wp-content\/uploads\/2017\/07\/20170703_211606-150x150.jpg\" class=\"attachment-thumbnail size-thumbnail\" alt=\"\" loading=\"lazy\" \/><\/a>\n\t\t\t<\/div><\/figure><figure class='gallery-item'>\n\t\t\t<div class='gallery-icon landscape'>\n\t\t\t\t<a href='https:\/\/gav.hr\/wp-content\/uploads\/2017\/07\/1499170460889801687189.jpg'><img width=\"150\" height=\"150\" src=\"https:\/\/gav.hr\/wp-content\/uploads\/2017\/07\/1499170460889801687189-150x150.jpg\" class=\"attachment-thumbnail size-thumbnail\" alt=\"\" loading=\"lazy\" \/><\/a>\n\t\t\t<\/div><\/figure><figure class='gallery-item'>\n\t\t\t<div class='gallery-icon landscape'>\n\t\t\t\t<a href='https:\/\/gav.hr\/wp-content\/uploads\/2017\/07\/1499170501152358330797.jpg'><img width=\"150\" height=\"150\" src=\"https:\/\/gav.hr\/wp-content\/uploads\/2017\/07\/1499170501152358330797-150x150.jpg\" class=\"attachment-thumbnail size-thumbnail\" alt=\"\" loading=\"lazy\" \/><\/a>\n\t\t\t<\/div><\/figure><figure class='gallery-item'>\n\t\t\t<div class='gallery-icon landscape'>\n\t\t\t\t<a href='https:\/\/gav.hr\/wp-content\/uploads\/2017\/07\/14991705755631278120753-1.jpg'><img width=\"150\" height=\"150\" src=\"https:\/\/gav.hr\/wp-content\/uploads\/2017\/07\/14991705755631278120753-1-150x150.jpg\" class=\"attachment-thumbnail size-thumbnail\" alt=\"\" loading=\"lazy\" \/><\/a>\n\t\t\t<\/div><\/figure><figure class='gallery-item'>\n\t\t\t<div class='gallery-icon landscape'>\n\t\t\t\t<a href='https:\/\/gav.hr\/wp-content\/uploads\/2017\/07\/image-0-02-04-59c493d15b34399c5d03f2cb508276f47d95e4e39e323ea9d28dad6e2ba99b9a-V.jpg'><img width=\"150\" height=\"150\" src=\"https:\/\/gav.hr\/wp-content\/uploads\/2017\/07\/image-0-02-04-59c493d15b34399c5d03f2cb508276f47d95e4e39e323ea9d28dad6e2ba99b9a-V-150x150.jpg\" class=\"attachment-thumbnail size-thumbnail\" alt=\"\" loading=\"lazy\" \/><\/a>\n\t\t\t<\/div><\/figure>\n\t\t<\/div>\n\n","protected":false},"excerpt":{"rendered":"<p>Zajednica udruga klapa \u0160ibensko-kninske \u017eupanije koja organizira klapsku serenadu pod nazivom &#8221;POD FORTICON SVETE ANE&#8221;, ove godine je pozvala klapu\u00a0&#8221;GIMNAZIJALKE&#8221; da svojim mladena\u010dkim zvukom otvori smotru klapa na Gorici 3.7.2017. Tako su se na\u0161le u dru\u0161tvu renomiranih klapa na\u0161e \u017eupanije koje se redovno natje\u010du na Festivalu dalmatinskih klapa u Omi\u0161u. Mozda im se jednog dana&hellip;<\/p>\n","protected":false},"author":2,"featured_media":0,"comment_status":"closed","ping_status":"closed","sticky":false,"template":"","format":"standard","meta":{"ngg_post_thumbnail":0,"_links_to":"","_links_to_target":""},"categories":[22,8],"tags":[],"_links":{"self":[{"href":"https:\/\/gav.hr\/index.php?rest_route=\/wp\/v2\/posts\/3680"}],"collection":[{"href":"https:\/\/gav.hr\/index.php?rest_route=\/wp\/v2\/posts"}],"about":[{"href":"https:\/\/gav.hr\/index.php?rest_route=\/wp\/v2\/types\/post"}],"author":[{"embeddable":true,"href":"https:\/\/gav.hr\/index.php?rest_route=\/wp\/v2\/users\/2"}],"replies":[{"embeddable":true,"href":"https:\/\/gav.hr\/index.php?rest_route=%2Fwp%2Fv2%2Fcomments&post=3680"}],"version-history":[{"count":1,"href":"https:\/\/gav.hr\/index.php?rest_route=\/wp\/v2\/posts\/3680\/revisions"}],"predecessor-version":[{"id":3686,"href":"https:\/\/gav.hr\/index.php?rest_route=\/wp\/v2\/posts\/3680\/revisions\/3686"}],"wp:attachment":[{"href":"https:\/\/gav.hr\/index.php?rest_route=%2Fwp%2Fv2%2Fmedia&parent=3680"}],"wp:term":[{"taxonomy":"category","embeddable":true,"href":"https:\/\/gav.hr\/index.php?rest_route=%2Fwp%2Fv2%2Fcategories&post=3680"},{"taxonomy":"post_tag","embeddable":true,"href":"https:\/\/gav.hr\/index.php?rest_route=%2Fwp%2Fv2%2Ftags&post=3680"}],"curies":[{"name":"wp","href":"https:\/\/api.w.org\/{rel}","templated":true}]}}