{"id":4540,"date":"2018-01-20T22:14:12","date_gmt":"2018-01-20T20:14:12","guid":{"rendered":"http:\/\/gav.hr\/?p=4540"},"modified":"2021-01-12T20:02:26","modified_gmt":"2021-01-12T18:02:26","slug":"gimnazijalke-otvorile-izlozbu-kamen-po-kamen-gimnazija","status":"publish","type":"post","link":"https:\/\/gav.hr\/?p=4540","title":{"rendered":"&#8220;Gimnazijalke&#8221; otvorile izlo\u017ebu &#8220;Kamen po kamen. Gimnazija&#8221;"},"content":{"rendered":"<p style=\"color: #444444;\"><span style=\"color: #222222;\">U suradnji s Udrugom Disco Gimnazija, klapa Gimnazijalke uveli\u010dala je otvaranje\u00a0<\/span>izlo\u017ebe &#8216;Kamen po kamen. Gimnazija&#8217;\u00a0<span style=\"color: #222222;\">postavljenu u Galeriji sv. Kr\u0161evana na \u0161ibenskoj Gorici. Izlo\u017eba je\u00a0 organizirana\u00a0 povodom proslave\u00a0 obljetnice 108. godina Gimnazije Antuna Vran\u010di\u0107a .<\/span><\/p>\n<p style=\"color: #444444;\">30.12.2017. klapa je sudjelovala i na gitarijadi\u00a0<span style=\"color: #222222;\">\u00a0Disco Gimnazije zajedno s pobjednicima Vrane &#8211; The Nameless i Lajsnom.<\/span><\/p>\n<div id='gallery-1' class='gallery galleryid-4540 gallery-columns-5 gallery-size-thumbnail'><figure class='gallery-item'>\n\t\t\t<div class='gallery-icon landscape'>\n\t\t\t\t<a href='https:\/\/gav.hr\/wp-content\/uploads\/2018\/01\/20171215_190856.jpg'><img width=\"150\" height=\"150\" src=\"https:\/\/gav.hr\/wp-content\/uploads\/2018\/01\/20171215_190856-150x150.jpg\" class=\"attachment-thumbnail size-thumbnail\" alt=\"\" loading=\"lazy\" \/><\/a>\n\t\t\t<\/div><\/figure><figure class='gallery-item'>\n\t\t\t<div class='gallery-icon portrait'>\n\t\t\t\t<a href='https:\/\/gav.hr\/wp-content\/uploads\/2018\/01\/20171215_190338-e1516486378151.jpg'><img width=\"150\" height=\"150\" src=\"https:\/\/gav.hr\/wp-content\/uploads\/2018\/01\/20171215_190338-e1516486378151-150x150.jpg\" class=\"attachment-thumbnail size-thumbnail\" alt=\"\" loading=\"lazy\" \/><\/a>\n\t\t\t<\/div><\/figure><figure class='gallery-item'>\n\t\t\t<div class='gallery-icon landscape'>\n\t\t\t\t<a href='https:\/\/gav.hr\/wp-content\/uploads\/2018\/01\/20171215_190343.jpg'><img width=\"150\" height=\"150\" src=\"https:\/\/gav.hr\/wp-content\/uploads\/2018\/01\/20171215_190343-150x150.jpg\" class=\"attachment-thumbnail size-thumbnail\" alt=\"\" loading=\"lazy\" \/><\/a>\n\t\t\t<\/div><\/figure><figure class='gallery-item'>\n\t\t\t<div class='gallery-icon landscape'>\n\t\t\t\t<a href='https:\/\/gav.hr\/wp-content\/uploads\/2018\/01\/20171215_190345.jpg'><img width=\"150\" height=\"150\" src=\"https:\/\/gav.hr\/wp-content\/uploads\/2018\/01\/20171215_190345-150x150.jpg\" class=\"attachment-thumbnail size-thumbnail\" alt=\"\" loading=\"lazy\" \/><\/a>\n\t\t\t<\/div><\/figure><figure class='gallery-item'>\n\t\t\t<div class='gallery-icon landscape'>\n\t\t\t\t<a href='https:\/\/gav.hr\/wp-content\/uploads\/2018\/01\/20171215_191558.jpg'><img width=\"150\" height=\"150\" src=\"https:\/\/gav.hr\/wp-content\/uploads\/2018\/01\/20171215_191558-150x150.jpg\" class=\"attachment-thumbnail size-thumbnail\" alt=\"\" loading=\"lazy\" \/><\/a>\n\t\t\t<\/div><\/figure><figure class='gallery-item'>\n\t\t\t<div class='gallery-icon landscape'>\n\t\t\t\t<a href='https:\/\/gav.hr\/wp-content\/uploads\/2018\/01\/IMG-20180111-WA0001.jpg'><img width=\"150\" height=\"150\" src=\"https:\/\/gav.hr\/wp-content\/uploads\/2018\/01\/IMG-20180111-WA0001-150x150.jpg\" class=\"attachment-thumbnail size-thumbnail\" alt=\"\" loading=\"lazy\" \/><\/a>\n\t\t\t<\/div><\/figure>\n\t\t<\/div>\n\n","protected":false},"excerpt":{"rendered":"<p>U suradnji s Udrugom Disco Gimnazija, klapa Gimnazijalke uveli\u010dala je otvaranje\u00a0izlo\u017ebe &#8216;Kamen po kamen. Gimnazija&#8217;\u00a0postavljenu u Galeriji sv. Kr\u0161evana na \u0161ibenskoj Gorici. Izlo\u017eba je\u00a0 organizirana\u00a0 povodom proslave\u00a0 obljetnice 108. godina Gimnazije Antuna Vran\u010di\u0107a . 30.12.2017. klapa je sudjelovala i na gitarijadi\u00a0\u00a0Disco Gimnazije zajedno s pobjednicima Vrane &#8211; The Nameless i Lajsnom.<\/p>\n","protected":false},"author":2,"featured_media":0,"comment_status":"closed","ping_status":"closed","sticky":false,"template":"","format":"standard","meta":{"ngg_post_thumbnail":0,"_links_to":"","_links_to_target":""},"categories":[22,8],"tags":[],"_links":{"self":[{"href":"https:\/\/gav.hr\/index.php?rest_route=\/wp\/v2\/posts\/4540"}],"collection":[{"href":"https:\/\/gav.hr\/index.php?rest_route=\/wp\/v2\/posts"}],"about":[{"href":"https:\/\/gav.hr\/index.php?rest_route=\/wp\/v2\/types\/post"}],"author":[{"embeddable":true,"href":"https:\/\/gav.hr\/index.php?rest_route=\/wp\/v2\/users\/2"}],"replies":[{"embeddable":true,"href":"https:\/\/gav.hr\/index.php?rest_route=%2Fwp%2Fv2%2Fcomments&post=4540"}],"version-history":[{"count":2,"href":"https:\/\/gav.hr\/index.php?rest_route=\/wp\/v2\/posts\/4540\/revisions"}],"predecessor-version":[{"id":4561,"href":"https:\/\/gav.hr\/index.php?rest_route=\/wp\/v2\/posts\/4540\/revisions\/4561"}],"wp:attachment":[{"href":"https:\/\/gav.hr\/index.php?rest_route=%2Fwp%2Fv2%2Fmedia&parent=4540"}],"wp:term":[{"taxonomy":"category","embeddable":true,"href":"https:\/\/gav.hr\/index.php?rest_route=%2Fwp%2Fv2%2Fcategories&post=4540"},{"taxonomy":"post_tag","embeddable":true,"href":"https:\/\/gav.hr\/index.php?rest_route=%2Fwp%2Fv2%2Ftags&post=4540"}],"curies":[{"name":"wp","href":"https:\/\/api.w.org\/{rel}","templated":true}]}}