{"id":4923,"date":"2018-03-12T15:00:48","date_gmt":"2018-03-12T13:00:48","guid":{"rendered":"http:\/\/gav.hr\/?p=4923"},"modified":"2021-01-12T20:03:32","modified_gmt":"2021-01-12T18:03:32","slug":"2-samostalni-koncert-klape-gimnazijalke-u-hnk-u","status":"publish","type":"post","link":"https:\/\/gav.hr\/?p=4923","title":{"rendered":"2. samostalni koncert klape Gimnazijalke u HNK-u"},"content":{"rendered":"<p style=\"color: #222222;\"><a href=\"http:\/\/gav.hr\/wp-content\/uploads\/2018\/03\/LOGO.jpg\"><img loading=\"lazy\" class=\"alignleft wp-image-4937\" src=\"http:\/\/gav.hr\/wp-content\/uploads\/2018\/03\/LOGO-300x185.jpg\" alt=\"LOGO\" width=\"263\" height=\"162\" srcset=\"https:\/\/gav.hr\/wp-content\/uploads\/2018\/03\/LOGO-300x185.jpg 300w, https:\/\/gav.hr\/wp-content\/uploads\/2018\/03\/LOGO-1024x634.jpg 1024w, https:\/\/gav.hr\/wp-content\/uploads\/2018\/03\/LOGO.jpg 1240w\" sizes=\"(max-width: 263px) 100vw, 263px\" \/><\/a>U petak, 16.3.2018. s po\u010detkom u 18:30 sati, klapa Gimnazijalke \u0107e odr\u017eati drugi samostalni koncert u \u0161ibenskom HNK-u.<\/p>\n<p style=\"color: #222222;\">Ulaznice \u0107e se prodavati u \u0161koli po cijeni od 20 kuna za profesore (u uredu referentice), odnosno 10 kuna za u\u010denike (ispred ureda tajni\u0161tva). Sav prihod od prodaje ulaznica ide u humanitarne svrhe.<\/p>\n<p style=\"color: #222222;\">Suorganizator ovog koncerta je Hrvatsko dru\u0161tvo skladatelja.<\/p>\n<p style=\"color: #222222;\"><a href=\"http:\/\/gav.hr\/wp-content\/uploads\/2018\/03\/Plakat-koncert.png\"><img loading=\"lazy\" class=\"aligncenter wp-image-4939\" src=\"http:\/\/gav.hr\/wp-content\/uploads\/2018\/03\/Plakat-koncert-212x300.png\" alt=\"Plakat koncert\" width=\"336\" height=\"478\" \/><\/a><\/p>\n","protected":false},"excerpt":{"rendered":"<p>U petak, 16.3.2018. s po\u010detkom u 18:30 sati, klapa Gimnazijalke \u0107e odr\u017eati drugi samostalni koncert u \u0161ibenskom HNK-u. Ulaznice \u0107e se prodavati u \u0161koli po cijeni od 20 kuna za profesore (u uredu referentice), odnosno 10 kuna za u\u010denike (ispred ureda tajni\u0161tva). Sav prihod od prodaje ulaznica ide u humanitarne svrhe. Suorganizator ovog koncerta je&hellip;<\/p>\n","protected":false},"author":2,"featured_media":0,"comment_status":"closed","ping_status":"closed","sticky":false,"template":"","format":"standard","meta":{"ngg_post_thumbnail":0,"_links_to":"","_links_to_target":""},"categories":[22,8],"tags":[],"_links":{"self":[{"href":"https:\/\/gav.hr\/index.php?rest_route=\/wp\/v2\/posts\/4923"}],"collection":[{"href":"https:\/\/gav.hr\/index.php?rest_route=\/wp\/v2\/posts"}],"about":[{"href":"https:\/\/gav.hr\/index.php?rest_route=\/wp\/v2\/types\/post"}],"author":[{"embeddable":true,"href":"https:\/\/gav.hr\/index.php?rest_route=\/wp\/v2\/users\/2"}],"replies":[{"embeddable":true,"href":"https:\/\/gav.hr\/index.php?rest_route=%2Fwp%2Fv2%2Fcomments&post=4923"}],"version-history":[{"count":6,"href":"https:\/\/gav.hr\/index.php?rest_route=\/wp\/v2\/posts\/4923\/revisions"}],"predecessor-version":[{"id":4941,"href":"https:\/\/gav.hr\/index.php?rest_route=\/wp\/v2\/posts\/4923\/revisions\/4941"}],"wp:attachment":[{"href":"https:\/\/gav.hr\/index.php?rest_route=%2Fwp%2Fv2%2Fmedia&parent=4923"}],"wp:term":[{"taxonomy":"category","embeddable":true,"href":"https:\/\/gav.hr\/index.php?rest_route=%2Fwp%2Fv2%2Fcategories&post=4923"},{"taxonomy":"post_tag","embeddable":true,"href":"https:\/\/gav.hr\/index.php?rest_route=%2Fwp%2Fv2%2Ftags&post=4923"}],"curies":[{"name":"wp","href":"https:\/\/api.w.org\/{rel}","templated":true}]}}