{"id":5062,"date":"2018-04-11T12:15:37","date_gmt":"2018-04-11T10:15:37","guid":{"rendered":"http:\/\/gav.hr\/?p=5062"},"modified":"2021-01-12T20:03:55","modified_gmt":"2021-01-12T18:03:55","slug":"gimnazijska-ekspedicija-u-bruxelles","status":"publish","type":"post","link":"https:\/\/gav.hr\/?p=5062","title":{"rendered":"Gimnazijska \u201dekspedicija\u201d u Bruxelles"},"content":{"rendered":"<p style=\"text-align: justify;\">U\u010denici Gimnazije Antuna Vran\u010di\u0107a nastavljaju sudjelovati u projektima vezanima za Europsku uniju, u okviru kojih su od 26. do 31. o\u017eujka ove godine boravili u Bruxellesu, glavnom gradu Belgije i sjedi\u0161tu ve\u0107ine europskih institucija pritom posjetiv\u0161i hrvatske europarlamentarce i \u0160iben\u010dane Ivanu Maleti\u0107 i Tonina Piculu.<\/p>\n<p style=\"text-align: justify;\">Pobjedom na natjecanju Euroscola i uspje\u0161nim predstavljanjem na\u0161e \u0161kole u Europskom parlamentu u Strasbourgu u travnju 2017., Gimnazija je dobila \u010dast postati \u201c\u0160kola ambasador Europskog parlamenta\u201d, a odabranih 12 maturanata priliku sudjelovati u istoimenom projektu, pod mentorstvom profesora Nevena\u00a0\u0110uri\u0107a. Cilj je projekta upoznavanje mladih s EU i njezinim institucijama,kao i njihovim utjecajem na svakodnevni \u017eivot gra\u0111ana s naglaskom na pobu\u0111ivanje osje\u0107aja europskog identiteta. U\u010denici sudionici su od listopada do o\u017eujka prolazili kroz temeljitu edukaciju o EU, a ste\u010deno znanje prezentirali su svim u\u010denicima tre\u0107ih i \u010detvrtih razreda kroz seriju predavanja.<\/p>\n<p style=\"text-align: justify;\">Planiranim putovanjem u Bruxelles cijeli projekt dobio je dodatnu dimenziju, budu\u0107i da \u0107e u\u010denici na taj na\u010din neposredno upoznati sve ono o \u010demu su bili educirani i ste\u0107i dojam o svakodnevici \u201cglavnog grada\u201d Europe. Pozivu europarlamentaraca da se pridru\u017ei posjetu Bruxellesu odazvala se i klapa \u201cGimanzijalke\u201d pod vodstvom profesorice Lorane Antunac.<\/p>\n<p style=\"text-align: justify;\">Prema Belgiji uputili smo se u ponedjeljak 26. o\u017eujka u jutarnjim satima. Nakon dvosatnog leta iz Zadra i slijetanja u grad Charleroi ( 70 km ju\u017eno od Bruxellesa) krenuli smo prema na\u0161em odredi\u0161tu. Pri dolasku u hotel do\u010dekao nas je gospodin Ivan Mati\u0107, tajnik zastupnika Picule i na\u0161 vodi\u010d prilikom posjeta Europskom parlamentu. Potom smo krenuli prema \u017eivopisnom glavnom trgu (Grand place) i nastavili s razgledavanjem u\u017eeg centra grada.<\/p>\n<p style=\"text-align: justify;\">Utorak je bio rezerviran za posjet Parlamentu i na\u0161im zastupnicima. Nakon posjeta muzeju Parlamentarium, klapa \u201cGimnazijalke\u201d ispred zgrade parlamenta otpjevala je dvije dalmatinske klapske pjesme i dobila ovacije prisutnih, me\u0111u\u00a0kojima su bili i zastupnici te brojni zaposlenici Parlamenta i novinari, donijev\u0161i tako da\u0161ak \u0160ibenika i hrvatske ba\u0161tine u tmuran i ki\u0161an briselski dan. U\u010denici su potom razgledali kompleks \u00a0s velikom vije\u0107nicom , a nakon predavanja, fotografiranja i ru\u010dka program posjeta Europskom parlamentu je zavr\u0161io. U ve\u010dernjim satima opet smo se uputili prema centru gdje u\u010denici nisu mogli odoljeti degustaciji autohtonih vrsta piva koje se isti\u010du svojom kvalitetom i okusom , a ujedno su i za\u0161titni znak Belgije.<\/p>\n<p style=\"text-align: justify;\">Sljede\u0107eg dana vlakom smo se uputili prema Bruggeu, gradu na zapadu zemlje, u pokrajini Flandriji. Uz vrijednu kulturnu ba\u0161tinu koja je i pod za\u0161titom UNESCO-a grad se isti\u010de i mno\u0161tvom kanala zbog \u010dega ga, uz Amsterdam i jo\u0161 neke europske gradove, nazivaju i \u201cVenecijom sjevera\u201d. Nakon ru\u010dka i cjelodnevnog razgledavanja grada u predve\u010derje smo se vratili natrag u Bruxelles.<\/p>\n<p style=\"text-align: justify;\">U \u010detvrtak smo posjetili Gent, nekad najbogatiji grad sjevera Europe, smje\u0161ten 60 km zapadno od glavnog grada. Sa svojom monumentalnom i profinjenom arhitekturom, brojnim kanalima, mostovima, dvorcima i \u017eivopisnim ulicama odu\u0161evio je u\u010denike koji su odmah po\u017eeljeli jednom ga opet posjetiti.<\/p>\n<p style=\"text-align: justify;\">Petak, koji je bio slobodan dan, u\u010denici su iskoristili za posjet Atomiumu (stometarskoj skulpturi i za\u0161titnom znaku Bruxellesa), detaljnije razgledavanje centra grada i \u0161oping.<\/p>\n<p style=\"text-align: justify;\">U subotu ujutro uputili smo se prema zra\u010dnoj luci Charleroi Bruxelles-Sud i u popodnevnim satima poletjeli prema Zadru. Vratili smo se u \u0160ibenik oboga\u0107eni novim i neprocjenjivim iskustvom, svjesni svog europskog identiteta i spremni za budu\u0107e sudjelovanje u gra\u0111anskom \u017eivotu Europske unije.<\/p>\n<p><em>Autor teksta: Sre\u0107ko Perkovi\u0107, 4.e<\/em><\/p>\n<p>&nbsp;<\/p>\n<div id='gallery-1' class='gallery galleryid-5062 gallery-columns-4 gallery-size-thumbnail'><figure class='gallery-item'>\n\t\t\t<div class='gallery-icon landscape'>\n\t\t\t\t<a href='https:\/\/gav.hr\/wp-content\/uploads\/2018\/04\/29884583_1853716084658671_1543624961_o.jpg'><img width=\"150\" height=\"150\" src=\"https:\/\/gav.hr\/wp-content\/uploads\/2018\/04\/29884583_1853716084658671_1543624961_o-150x150.jpg\" class=\"attachment-thumbnail size-thumbnail\" alt=\"\" loading=\"lazy\" \/><\/a>\n\t\t\t<\/div><\/figure><figure class='gallery-item'>\n\t\t\t<div class='gallery-icon landscape'>\n\t\t\t\t<a href='https:\/\/gav.hr\/wp-content\/uploads\/2018\/04\/29893407_1657595094294021_478258333_o.jpg'><img width=\"150\" height=\"150\" src=\"https:\/\/gav.hr\/wp-content\/uploads\/2018\/04\/29893407_1657595094294021_478258333_o-150x150.jpg\" class=\"attachment-thumbnail size-thumbnail\" alt=\"\" loading=\"lazy\" \/><\/a>\n\t\t\t<\/div><\/figure><figure class='gallery-item'>\n\t\t\t<div class='gallery-icon landscape'>\n\t\t\t\t<a href='https:\/\/gav.hr\/wp-content\/uploads\/2018\/04\/29943278_1853712197992393_1776859182_o.jpg'><img width=\"150\" height=\"150\" src=\"https:\/\/gav.hr\/wp-content\/uploads\/2018\/04\/29943278_1853712197992393_1776859182_o-150x150.jpg\" class=\"attachment-thumbnail size-thumbnail\" alt=\"\" loading=\"lazy\" \/><\/a>\n\t\t\t<\/div><\/figure><figure class='gallery-item'>\n\t\t\t<div class='gallery-icon landscape'>\n\t\t\t\t<a href='https:\/\/gav.hr\/wp-content\/uploads\/2018\/04\/29942799_1853720804658199_2105099533_o.jpg'><img width=\"150\" height=\"150\" src=\"https:\/\/gav.hr\/wp-content\/uploads\/2018\/04\/29942799_1853720804658199_2105099533_o-150x150.jpg\" class=\"attachment-thumbnail size-thumbnail\" alt=\"\" loading=\"lazy\" \/><\/a>\n\t\t\t<\/div><\/figure><figure class='gallery-item'>\n\t\t\t<div class='gallery-icon landscape'>\n\t\t\t\t<a href='https:\/\/gav.hr\/wp-content\/uploads\/2018\/04\/29954671_1853706601326286_1018150233_o.jpg'><img width=\"150\" height=\"150\" src=\"https:\/\/gav.hr\/wp-content\/uploads\/2018\/04\/29954671_1853706601326286_1018150233_o-150x150.jpg\" class=\"attachment-thumbnail size-thumbnail\" alt=\"\" loading=\"lazy\" \/><\/a>\n\t\t\t<\/div><\/figure><figure class='gallery-item'>\n\t\t\t<div class='gallery-icon portrait'>\n\t\t\t\t<a href='https:\/\/gav.hr\/wp-content\/uploads\/2018\/04\/29894083_1853725751324371_1946953462_o.jpg'><img width=\"150\" height=\"150\" src=\"https:\/\/gav.hr\/wp-content\/uploads\/2018\/04\/29894083_1853725751324371_1946953462_o-150x150.jpg\" class=\"attachment-thumbnail size-thumbnail\" alt=\"\" loading=\"lazy\" \/><\/a>\n\t\t\t<\/div><\/figure><figure class='gallery-item'>\n\t\t\t<div class='gallery-icon landscape'>\n\t\t\t\t<a href='https:\/\/gav.hr\/wp-content\/uploads\/2018\/04\/29942641_1657608770959320_72389123_o.jpg'><img width=\"150\" height=\"150\" src=\"https:\/\/gav.hr\/wp-content\/uploads\/2018\/04\/29942641_1657608770959320_72389123_o-150x150.jpg\" class=\"attachment-thumbnail size-thumbnail\" alt=\"\" loading=\"lazy\" \/><\/a>\n\t\t\t<\/div><\/figure>\n\t\t<\/div>\n\n<p>&nbsp;<\/p>\n<p>&nbsp;<\/p>\n","protected":false},"excerpt":{"rendered":"<p>U\u010denici Gimnazije Antuna Vran\u010di\u0107a nastavljaju sudjelovati u projektima vezanima za Europsku uniju, u okviru kojih su od 26. do 31. o\u017eujka ove godine boravili u Bruxellesu, glavnom gradu Belgije i sjedi\u0161tu ve\u0107ine europskih institucija pritom posjetiv\u0161i hrvatske europarlamentarce i \u0160iben\u010dane Ivanu Maleti\u0107 i Tonina Piculu. Pobjedom na natjecanju Euroscola i uspje\u0161nim predstavljanjem na\u0161e \u0161kole u&hellip;<\/p>\n","protected":false},"author":2,"featured_media":0,"comment_status":"closed","ping_status":"closed","sticky":false,"template":"","format":"standard","meta":{"ngg_post_thumbnail":0,"_links_to":"","_links_to_target":""},"categories":[22,8],"tags":[],"_links":{"self":[{"href":"https:\/\/gav.hr\/index.php?rest_route=\/wp\/v2\/posts\/5062"}],"collection":[{"href":"https:\/\/gav.hr\/index.php?rest_route=\/wp\/v2\/posts"}],"about":[{"href":"https:\/\/gav.hr\/index.php?rest_route=\/wp\/v2\/types\/post"}],"author":[{"embeddable":true,"href":"https:\/\/gav.hr\/index.php?rest_route=\/wp\/v2\/users\/2"}],"replies":[{"embeddable":true,"href":"https:\/\/gav.hr\/index.php?rest_route=%2Fwp%2Fv2%2Fcomments&post=5062"}],"version-history":[{"count":2,"href":"https:\/\/gav.hr\/index.php?rest_route=\/wp\/v2\/posts\/5062\/revisions"}],"predecessor-version":[{"id":5071,"href":"https:\/\/gav.hr\/index.php?rest_route=\/wp\/v2\/posts\/5062\/revisions\/5071"}],"wp:attachment":[{"href":"https:\/\/gav.hr\/index.php?rest_route=%2Fwp%2Fv2%2Fmedia&parent=5062"}],"wp:term":[{"taxonomy":"category","embeddable":true,"href":"https:\/\/gav.hr\/index.php?rest_route=%2Fwp%2Fv2%2Fcategories&post=5062"},{"taxonomy":"post_tag","embeddable":true,"href":"https:\/\/gav.hr\/index.php?rest_route=%2Fwp%2Fv2%2Ftags&post=5062"}],"curies":[{"name":"wp","href":"https:\/\/api.w.org\/{rel}","templated":true}]}}