{"id":5141,"date":"2018-04-23T09:05:57","date_gmt":"2018-04-23T07:05:57","guid":{"rendered":"http:\/\/gav.hr\/?p=5141"},"modified":"2021-01-12T20:07:21","modified_gmt":"2021-01-12T18:07:21","slug":"klapa-gimnazijalke-na-doceku-ucenika-iz-bugarske-u-prometno-tehnickoj-skoli-u-sibeniku","status":"publish","type":"post","link":"https:\/\/gav.hr\/?p=5141","title":{"rendered":"Klapa Gimnazijalke na do\u010deku u\u010denika iz Bugarske u Prometno-tehni\u010dkoj \u0161koli u \u0160ibeniku"},"content":{"rendered":"<p><span style=\"color: #222222;\">U \u010detvrtak 12.4.2018. u Prometno-tehni\u010dkoj \u0161koli u \u0160ibeniku sve\u010dano su do\u010dekani u\u010denici iz tehni\u010dke \u0161kole Stamen Panchev iz Bugarske (dvadeset u\u010denika i troje nastavnika). U sve\u010danom programu do\u010deka sudjelovala\u00a0 je i na\u0161a klapa Gimnazijalke. U\u010denici i nastavnici iz Bugarske boravit \u0107e u \u0160ibeniku \u010dak 20 dana. Kroz to vrijeme u\u010denici \u0107e sudjelovati u nastavi i razmijeniti znanja i iskustva s u\u010denicima Prometno-tehni\u010dke \u0161kole.\u00a0<\/span><\/p>\n<div id='gallery-1' class='gallery galleryid-5141 gallery-columns-2 gallery-size-thumbnail'><figure class='gallery-item'>\n\t\t\t<div class='gallery-icon portrait'>\n\t\t\t\t<a href='https:\/\/gav.hr\/wp-content\/uploads\/2018\/04\/15242253034881104052680.jpg'><img width=\"150\" height=\"150\" src=\"https:\/\/gav.hr\/wp-content\/uploads\/2018\/04\/15242253034881104052680-150x150.jpg\" class=\"attachment-thumbnail size-thumbnail\" alt=\"\" loading=\"lazy\" \/><\/a>\n\t\t\t<\/div><\/figure><figure class='gallery-item'>\n\t\t\t<div class='gallery-icon portrait'>\n\t\t\t\t<a href='https:\/\/gav.hr\/wp-content\/uploads\/2018\/04\/15242256330961995945627.jpg'><img width=\"150\" height=\"150\" src=\"https:\/\/gav.hr\/wp-content\/uploads\/2018\/04\/15242256330961995945627-150x150.jpg\" class=\"attachment-thumbnail size-thumbnail\" alt=\"\" loading=\"lazy\" \/><\/a>\n\t\t\t<\/div><\/figure>\n\t\t<\/div>\n\n","protected":false},"excerpt":{"rendered":"<p>U \u010detvrtak 12.4.2018. u Prometno-tehni\u010dkoj \u0161koli u \u0160ibeniku sve\u010dano su do\u010dekani u\u010denici iz tehni\u010dke \u0161kole Stamen Panchev iz Bugarske (dvadeset u\u010denika i troje nastavnika). U sve\u010danom programu do\u010deka sudjelovala\u00a0 je i na\u0161a klapa Gimnazijalke. U\u010denici i nastavnici iz Bugarske boravit \u0107e u \u0160ibeniku \u010dak 20 dana. Kroz to vrijeme u\u010denici \u0107e sudjelovati u nastavi i&hellip;<\/p>\n","protected":false},"author":2,"featured_media":0,"comment_status":"closed","ping_status":"closed","sticky":false,"template":"","format":"standard","meta":{"ngg_post_thumbnail":0,"_links_to":"","_links_to_target":""},"categories":[22,8],"tags":[],"_links":{"self":[{"href":"https:\/\/gav.hr\/index.php?rest_route=\/wp\/v2\/posts\/5141"}],"collection":[{"href":"https:\/\/gav.hr\/index.php?rest_route=\/wp\/v2\/posts"}],"about":[{"href":"https:\/\/gav.hr\/index.php?rest_route=\/wp\/v2\/types\/post"}],"author":[{"embeddable":true,"href":"https:\/\/gav.hr\/index.php?rest_route=\/wp\/v2\/users\/2"}],"replies":[{"embeddable":true,"href":"https:\/\/gav.hr\/index.php?rest_route=%2Fwp%2Fv2%2Fcomments&post=5141"}],"version-history":[{"count":2,"href":"https:\/\/gav.hr\/index.php?rest_route=\/wp\/v2\/posts\/5141\/revisions"}],"predecessor-version":[{"id":5145,"href":"https:\/\/gav.hr\/index.php?rest_route=\/wp\/v2\/posts\/5141\/revisions\/5145"}],"wp:attachment":[{"href":"https:\/\/gav.hr\/index.php?rest_route=%2Fwp%2Fv2%2Fmedia&parent=5141"}],"wp:term":[{"taxonomy":"category","embeddable":true,"href":"https:\/\/gav.hr\/index.php?rest_route=%2Fwp%2Fv2%2Fcategories&post=5141"},{"taxonomy":"post_tag","embeddable":true,"href":"https:\/\/gav.hr\/index.php?rest_route=%2Fwp%2Fv2%2Ftags&post=5141"}],"curies":[{"name":"wp","href":"https:\/\/api.w.org\/{rel}","templated":true}]}}