{"id":5146,"date":"2018-04-23T09:13:49","date_gmt":"2018-04-23T07:13:49","guid":{"rendered":"http:\/\/gav.hr\/?p=5146"},"modified":"2021-01-12T20:07:29","modified_gmt":"2021-01-12T18:07:29","slug":"klapa-gimnazijalke-na-otvaranju-drzavnog-natjecanja-u-industrijsko-obrtnickoj-skoli-u-sibeniku","status":"publish","type":"post","link":"https:\/\/gav.hr\/?p=5146","title":{"rendered":"Klapa Gimnazijalke na otvaranju Dr\u017eavnog natjecanja u Industrijsko-obrtni\u010dkoj \u0161koli u \u0160ibeniku"},"content":{"rendered":"<p><span style=\"color: #222222;\">Prigodu da uveli\u010da sve\u010dano otvaranje 20. Dr\u017eavnog natjecanja u\u010denika u zanimanjima instalater grijanja i klimatizacije u Industrijsko-obrtni\u010dkoj \u0161koli u \u0160ibeniku, u ponedjeljak 16.4.2018. imala\u00a0je na\u0161a sve popularnija klapa Gimnazijalke. Kakva je bila atmosfera pogledajte na slikama u galeriji.<\/span><\/p>\n<div id='gallery-1' class='gallery galleryid-5146 gallery-columns-5 gallery-size-thumbnail'><figure class='gallery-item'>\n\t\t\t<div class='gallery-icon portrait'>\n\t\t\t\t<a href='https:\/\/gav.hr\/wp-content\/uploads\/2018\/04\/20180416_095243-e1524474777119.jpg'><img width=\"150\" height=\"150\" src=\"https:\/\/gav.hr\/wp-content\/uploads\/2018\/04\/20180416_095243-e1524474777119-150x150.jpg\" class=\"attachment-thumbnail size-thumbnail\" alt=\"\" loading=\"lazy\" \/><\/a>\n\t\t\t<\/div><\/figure><figure class='gallery-item'>\n\t\t\t<div class='gallery-icon landscape'>\n\t\t\t\t<a href='https:\/\/gav.hr\/wp-content\/uploads\/2018\/04\/20180416_095249.jpg'><img width=\"150\" height=\"150\" src=\"https:\/\/gav.hr\/wp-content\/uploads\/2018\/04\/20180416_095249-150x150.jpg\" class=\"attachment-thumbnail size-thumbnail\" alt=\"\" loading=\"lazy\" \/><\/a>\n\t\t\t<\/div><\/figure><figure class='gallery-item'>\n\t\t\t<div class='gallery-icon landscape'>\n\t\t\t\t<a href='https:\/\/gav.hr\/wp-content\/uploads\/2018\/04\/20180416_095312.jpg'><img width=\"150\" height=\"150\" src=\"https:\/\/gav.hr\/wp-content\/uploads\/2018\/04\/20180416_095312-150x150.jpg\" class=\"attachment-thumbnail size-thumbnail\" alt=\"\" loading=\"lazy\" \/><\/a>\n\t\t\t<\/div><\/figure><figure class='gallery-item'>\n\t\t\t<div class='gallery-icon landscape'>\n\t\t\t\t<a href='https:\/\/gav.hr\/wp-content\/uploads\/2018\/04\/20180416_100350.jpg'><img width=\"150\" height=\"150\" src=\"https:\/\/gav.hr\/wp-content\/uploads\/2018\/04\/20180416_100350-150x150.jpg\" class=\"attachment-thumbnail size-thumbnail\" alt=\"\" loading=\"lazy\" \/><\/a>\n\t\t\t<\/div><\/figure><figure class='gallery-item'>\n\t\t\t<div class='gallery-icon landscape'>\n\t\t\t\t<a href='https:\/\/gav.hr\/wp-content\/uploads\/2018\/04\/20180416_100702.jpg'><img width=\"150\" height=\"150\" src=\"https:\/\/gav.hr\/wp-content\/uploads\/2018\/04\/20180416_100702-150x150.jpg\" class=\"attachment-thumbnail size-thumbnail\" alt=\"\" loading=\"lazy\" \/><\/a>\n\t\t\t<\/div><\/figure>\n\t\t<\/div>\n\n","protected":false},"excerpt":{"rendered":"<p>Prigodu da uveli\u010da sve\u010dano otvaranje 20. Dr\u017eavnog natjecanja u\u010denika u zanimanjima instalater grijanja i klimatizacije u Industrijsko-obrtni\u010dkoj \u0161koli u \u0160ibeniku, u ponedjeljak 16.4.2018. imala\u00a0je na\u0161a sve popularnija klapa Gimnazijalke. Kakva je bila atmosfera pogledajte na slikama u galeriji.<\/p>\n","protected":false},"author":2,"featured_media":0,"comment_status":"closed","ping_status":"closed","sticky":false,"template":"","format":"standard","meta":{"ngg_post_thumbnail":0,"_links_to":"","_links_to_target":""},"categories":[22,8],"tags":[],"_links":{"self":[{"href":"https:\/\/gav.hr\/index.php?rest_route=\/wp\/v2\/posts\/5146"}],"collection":[{"href":"https:\/\/gav.hr\/index.php?rest_route=\/wp\/v2\/posts"}],"about":[{"href":"https:\/\/gav.hr\/index.php?rest_route=\/wp\/v2\/types\/post"}],"author":[{"embeddable":true,"href":"https:\/\/gav.hr\/index.php?rest_route=\/wp\/v2\/users\/2"}],"replies":[{"embeddable":true,"href":"https:\/\/gav.hr\/index.php?rest_route=%2Fwp%2Fv2%2Fcomments&post=5146"}],"version-history":[{"count":1,"href":"https:\/\/gav.hr\/index.php?rest_route=\/wp\/v2\/posts\/5146\/revisions"}],"predecessor-version":[{"id":5152,"href":"https:\/\/gav.hr\/index.php?rest_route=\/wp\/v2\/posts\/5146\/revisions\/5152"}],"wp:attachment":[{"href":"https:\/\/gav.hr\/index.php?rest_route=%2Fwp%2Fv2%2Fmedia&parent=5146"}],"wp:term":[{"taxonomy":"category","embeddable":true,"href":"https:\/\/gav.hr\/index.php?rest_route=%2Fwp%2Fv2%2Fcategories&post=5146"},{"taxonomy":"post_tag","embeddable":true,"href":"https:\/\/gav.hr\/index.php?rest_route=%2Fwp%2Fv2%2Ftags&post=5146"}],"curies":[{"name":"wp","href":"https:\/\/api.w.org\/{rel}","templated":true}]}}