{"id":5180,"date":"2018-05-10T16:37:39","date_gmt":"2018-05-10T14:37:39","guid":{"rendered":"http:\/\/gav.hr\/?p=5180"},"modified":"2021-01-12T20:07:36","modified_gmt":"2021-01-12T18:07:36","slug":"klapa-gimnazijalke-na-svecanoj-akademiji-u-pirovcu","status":"publish","type":"post","link":"https:\/\/gav.hr\/?p=5180","title":{"rendered":"Klapa Gimnazijalke na sve\u010danoj akademiji u Pirovcu"},"content":{"rendered":"<p>Sve\u010dana akademija odr\u017eana je u pirova\u010dkoj kino dvorani povodom Dana Op\u0107ine Pirovac i blagdana sv. Jurja. Tom prigodom na\u010delnik op\u0107ine Ivan Gulam prezentirao je provedene projekte te dodijelio nagrade Op\u0107ine zaslu\u017enim pojedincima. Na\u0161a klapa Gimnazijalke uveli\u010dala je proslavu svojim nastupom te odu\u0161evila prisutne uzvanike.<\/p>\n<div id='gallery-1' class='gallery galleryid-5180 gallery-columns-3 gallery-size-thumbnail'><figure class='gallery-item'>\n\t\t\t<div class='gallery-icon landscape'>\n\t\t\t\t<a href='https:\/\/gav.hr\/wp-content\/uploads\/2018\/05\/20180423_115406.jpg'><img width=\"150\" height=\"150\" src=\"https:\/\/gav.hr\/wp-content\/uploads\/2018\/05\/20180423_115406-150x150.jpg\" class=\"attachment-thumbnail size-thumbnail\" alt=\"\" loading=\"lazy\" \/><\/a>\n\t\t\t<\/div><\/figure><figure class='gallery-item'>\n\t\t\t<div class='gallery-icon landscape'>\n\t\t\t\t<a href='https:\/\/gav.hr\/wp-content\/uploads\/2018\/05\/20180423_115410.jpg'><img width=\"150\" height=\"150\" src=\"https:\/\/gav.hr\/wp-content\/uploads\/2018\/05\/20180423_115410-150x150.jpg\" class=\"attachment-thumbnail size-thumbnail\" alt=\"\" loading=\"lazy\" \/><\/a>\n\t\t\t<\/div><\/figure><figure class='gallery-item'>\n\t\t\t<div class='gallery-icon landscape'>\n\t\t\t\t<a href='https:\/\/gav.hr\/wp-content\/uploads\/2018\/05\/20180423_115711.jpg'><img width=\"150\" height=\"150\" src=\"https:\/\/gav.hr\/wp-content\/uploads\/2018\/05\/20180423_115711-150x150.jpg\" class=\"attachment-thumbnail size-thumbnail\" alt=\"\" loading=\"lazy\" \/><\/a>\n\t\t\t<\/div><\/figure>\n\t\t<\/div>\n\n","protected":false},"excerpt":{"rendered":"<p>Sve\u010dana akademija odr\u017eana je u pirova\u010dkoj kino dvorani povodom Dana Op\u0107ine Pirovac i blagdana sv. Jurja. Tom prigodom na\u010delnik op\u0107ine Ivan Gulam prezentirao je provedene projekte te dodijelio nagrade Op\u0107ine zaslu\u017enim pojedincima. Na\u0161a klapa Gimnazijalke uveli\u010dala je proslavu svojim nastupom te odu\u0161evila prisutne uzvanike.<\/p>\n","protected":false},"author":2,"featured_media":0,"comment_status":"closed","ping_status":"closed","sticky":false,"template":"","format":"standard","meta":{"ngg_post_thumbnail":0,"_links_to":"","_links_to_target":""},"categories":[22,8],"tags":[],"_links":{"self":[{"href":"https:\/\/gav.hr\/index.php?rest_route=\/wp\/v2\/posts\/5180"}],"collection":[{"href":"https:\/\/gav.hr\/index.php?rest_route=\/wp\/v2\/posts"}],"about":[{"href":"https:\/\/gav.hr\/index.php?rest_route=\/wp\/v2\/types\/post"}],"author":[{"embeddable":true,"href":"https:\/\/gav.hr\/index.php?rest_route=\/wp\/v2\/users\/2"}],"replies":[{"embeddable":true,"href":"https:\/\/gav.hr\/index.php?rest_route=%2Fwp%2Fv2%2Fcomments&post=5180"}],"version-history":[{"count":1,"href":"https:\/\/gav.hr\/index.php?rest_route=\/wp\/v2\/posts\/5180\/revisions"}],"predecessor-version":[{"id":5184,"href":"https:\/\/gav.hr\/index.php?rest_route=\/wp\/v2\/posts\/5180\/revisions\/5184"}],"wp:attachment":[{"href":"https:\/\/gav.hr\/index.php?rest_route=%2Fwp%2Fv2%2Fmedia&parent=5180"}],"wp:term":[{"taxonomy":"category","embeddable":true,"href":"https:\/\/gav.hr\/index.php?rest_route=%2Fwp%2Fv2%2Fcategories&post=5180"},{"taxonomy":"post_tag","embeddable":true,"href":"https:\/\/gav.hr\/index.php?rest_route=%2Fwp%2Fv2%2Ftags&post=5180"}],"curies":[{"name":"wp","href":"https:\/\/api.w.org\/{rel}","templated":true}]}}