{"id":5230,"date":"2018-05-21T17:04:23","date_gmt":"2018-05-21T15:04:23","guid":{"rendered":"http:\/\/gav.hr\/?p=5230"},"modified":"2021-01-12T20:07:43","modified_gmt":"2021-01-12T18:07:43","slug":"klapa-gimnazijalke-i-ucenici-glazbene-skole-uvelicali-obiljezavanje-dana-zupanije","status":"publish","type":"post","link":"https:\/\/gav.hr\/?p=5230","title":{"rendered":"Klapa Gimnazijalke i u\u010denici Glazbene \u0161kole uveli\u010dali obilje\u017eavanje Dana \u017dupanije"},"content":{"rendered":"<p>Sve\u010danom sjednicom \u017dupanijske skup\u0161tine \u0160ibensko\u2013kninske \u017eupanije koja je odr\u017eana 18.svibnja 2018. u \u0161ibenskom kazali\u0161tu obilje\u017een je Dan \u017dupanije, a na njoj su uru\u010dene \u017eupanijske nagrade, plakete i grb ovogodi\u0161njim dobitnicima.<\/p>\n<p>Sve\u010danu sjednicu su, izvedbom\u00a0 himne, otvorile klapa Gimnazijalke uz pratnju Maje Pu\u010di\u0107, Lucije Bili\u0107 i Lane Plan\u010di\u0107 na violini te Zvonimira Perkovi\u0107a na violon\u010delu.<\/p>\n<p>Izvedba skladbi Cvijet \u010deznje i Cetina klape Gimnazijalke izmamila je gromoglasan pljesak publike.<\/p>\n<p>Osim klape Gimnazijalke u glazbenom programu su sudjelovali polaznici Glazbene \u0161kole Ivana Luka\u010di\u0107a koji su ove godine osvojili 1. dr\u017eavne nagrade, Marta Burazer\u00a0 na klarinetu te Lana Plan\u010di\u0107 na violini. Kako je Lana Plan\u010di\u0107 jedna od novih \u010dlanica na\u0161e klape s veseljem o\u010dekujemo njene nove, ne samo guda\u010dke, ve\u0107 i klapske uspjehe!<\/p>\n<div id='gallery-1' class='gallery galleryid-5230 gallery-columns-4 gallery-size-thumbnail'><figure class='gallery-item'>\n\t\t\t<div class='gallery-icon landscape'>\n\t\t\t\t<a href='https:\/\/gav.hr\/wp-content\/uploads\/2018\/05\/20180517_132009.jpg'><img width=\"150\" height=\"150\" src=\"https:\/\/gav.hr\/wp-content\/uploads\/2018\/05\/20180517_132009-150x150.jpg\" class=\"attachment-thumbnail size-thumbnail\" alt=\"\" loading=\"lazy\" \/><\/a>\n\t\t\t<\/div><\/figure><figure class='gallery-item'>\n\t\t\t<div class='gallery-icon landscape'>\n\t\t\t\t<a href='https:\/\/gav.hr\/wp-content\/uploads\/2018\/05\/20180517_120949.jpg'><img width=\"150\" height=\"150\" src=\"https:\/\/gav.hr\/wp-content\/uploads\/2018\/05\/20180517_120949-150x150.jpg\" class=\"attachment-thumbnail size-thumbnail\" alt=\"\" loading=\"lazy\" \/><\/a>\n\t\t\t<\/div><\/figure><figure class='gallery-item'>\n\t\t\t<div class='gallery-icon landscape'>\n\t\t\t\t<a href='https:\/\/gav.hr\/wp-content\/uploads\/2018\/05\/20180517_132903.jpg'><img width=\"150\" height=\"150\" src=\"https:\/\/gav.hr\/wp-content\/uploads\/2018\/05\/20180517_132903-150x150.jpg\" class=\"attachment-thumbnail size-thumbnail\" alt=\"\" loading=\"lazy\" \/><\/a>\n\t\t\t<\/div><\/figure><figure class='gallery-item'>\n\t\t\t<div class='gallery-icon landscape'>\n\t\t\t\t<a href='https:\/\/gav.hr\/wp-content\/uploads\/2018\/05\/20180517_134040.jpg'><img width=\"150\" height=\"150\" src=\"https:\/\/gav.hr\/wp-content\/uploads\/2018\/05\/20180517_134040-150x150.jpg\" class=\"attachment-thumbnail size-thumbnail\" alt=\"\" loading=\"lazy\" \/><\/a>\n\t\t\t<\/div><\/figure>\n\t\t<\/div>\n\n","protected":false},"excerpt":{"rendered":"<p>Sve\u010danom sjednicom \u017dupanijske skup\u0161tine \u0160ibensko\u2013kninske \u017eupanije koja je odr\u017eana 18.svibnja 2018. u \u0161ibenskom kazali\u0161tu obilje\u017een je Dan \u017dupanije, a na njoj su uru\u010dene \u017eupanijske nagrade, plakete i grb ovogodi\u0161njim dobitnicima. Sve\u010danu sjednicu su, izvedbom\u00a0 himne, otvorile klapa Gimnazijalke uz pratnju Maje Pu\u010di\u0107, Lucije Bili\u0107 i Lane Plan\u010di\u0107 na violini te Zvonimira Perkovi\u0107a na violon\u010delu. Izvedba&hellip;<\/p>\n","protected":false},"author":2,"featured_media":0,"comment_status":"closed","ping_status":"closed","sticky":false,"template":"","format":"standard","meta":{"ngg_post_thumbnail":0,"_links_to":"","_links_to_target":""},"categories":[22,8],"tags":[],"_links":{"self":[{"href":"https:\/\/gav.hr\/index.php?rest_route=\/wp\/v2\/posts\/5230"}],"collection":[{"href":"https:\/\/gav.hr\/index.php?rest_route=\/wp\/v2\/posts"}],"about":[{"href":"https:\/\/gav.hr\/index.php?rest_route=\/wp\/v2\/types\/post"}],"author":[{"embeddable":true,"href":"https:\/\/gav.hr\/index.php?rest_route=\/wp\/v2\/users\/2"}],"replies":[{"embeddable":true,"href":"https:\/\/gav.hr\/index.php?rest_route=%2Fwp%2Fv2%2Fcomments&post=5230"}],"version-history":[{"count":3,"href":"https:\/\/gav.hr\/index.php?rest_route=\/wp\/v2\/posts\/5230\/revisions"}],"predecessor-version":[{"id":5237,"href":"https:\/\/gav.hr\/index.php?rest_route=\/wp\/v2\/posts\/5230\/revisions\/5237"}],"wp:attachment":[{"href":"https:\/\/gav.hr\/index.php?rest_route=%2Fwp%2Fv2%2Fmedia&parent=5230"}],"wp:term":[{"taxonomy":"category","embeddable":true,"href":"https:\/\/gav.hr\/index.php?rest_route=%2Fwp%2Fv2%2Fcategories&post=5230"},{"taxonomy":"post_tag","embeddable":true,"href":"https:\/\/gav.hr\/index.php?rest_route=%2Fwp%2Fv2%2Ftags&post=5230"}],"curies":[{"name":"wp","href":"https:\/\/api.w.org\/{rel}","templated":true}]}}