{"id":5370,"date":"2018-07-03T13:37:53","date_gmt":"2018-07-03T11:37:53","guid":{"rendered":"http:\/\/gav.hr\/?p=5370"},"modified":"2021-01-12T20:07:49","modified_gmt":"2021-01-12T18:07:49","slug":"klapa-gimnazijalke-pjevala-na-27-obljetnici-osnutka-113-brigade","status":"publish","type":"post","link":"https:\/\/gav.hr\/?p=5370","title":{"rendered":"Klapa Gimnazijalke pjevala na 27. obljetnici osnutka 113. brigade"},"content":{"rendered":"<p style=\"text-align: justify;\"><span style=\"color: black;\">Povodom 27. obljetnice osnutka legendarne 113. \u0161ibenske brigade odr\u017eana je sve\u010danost kod spomenika poginulim braniteljima na Baldekinu. Himnu je na po\u010detku otpjevala na\u0161a klapa Gimnazijalke<\/span><span style=\"color: #444444;\">. Sve\u010danost je organizirala Udruga dragovoljaca i veterana Domovinskog rata \u0160ibenik, a vijence za pale branitelje su polo\u017eili pripadnici udruga proiza\u0161lih iz Domovinskog rata, predstavnici Grada \u0160ibenika i \u0160ibensko-kninske \u017eupanije te izaslanici predsjednice Kolinde Grabar Kitarovi\u0107 i hrvatske Vlade.<\/span><\/p>\n<div id='gallery-1' class='gallery galleryid-5370 gallery-columns-5 gallery-size-thumbnail'><figure class='gallery-item'>\n\t\t\t<div class='gallery-icon landscape'>\n\t\t\t\t<a href='https:\/\/gav.hr\/wp-content\/uploads\/2018\/07\/20180619_093004.jpg'><img width=\"150\" height=\"150\" src=\"https:\/\/gav.hr\/wp-content\/uploads\/2018\/07\/20180619_093004-150x150.jpg\" class=\"attachment-thumbnail size-thumbnail\" alt=\"\" loading=\"lazy\" \/><\/a>\n\t\t\t<\/div><\/figure><figure class='gallery-item'>\n\t\t\t<div class='gallery-icon landscape'>\n\t\t\t\t<a href='https:\/\/gav.hr\/wp-content\/uploads\/2018\/07\/20180619_092938.jpg'><img width=\"150\" height=\"150\" src=\"https:\/\/gav.hr\/wp-content\/uploads\/2018\/07\/20180619_092938-150x150.jpg\" class=\"attachment-thumbnail size-thumbnail\" alt=\"\" loading=\"lazy\" \/><\/a>\n\t\t\t<\/div><\/figure><figure class='gallery-item'>\n\t\t\t<div class='gallery-icon landscape'>\n\t\t\t\t<a href='https:\/\/gav.hr\/wp-content\/uploads\/2018\/07\/20180619_100432.jpg'><img width=\"150\" height=\"150\" src=\"https:\/\/gav.hr\/wp-content\/uploads\/2018\/07\/20180619_100432-150x150.jpg\" class=\"attachment-thumbnail size-thumbnail\" alt=\"\" loading=\"lazy\" \/><\/a>\n\t\t\t<\/div><\/figure><figure class='gallery-item'>\n\t\t\t<div class='gallery-icon landscape'>\n\t\t\t\t<a href='https:\/\/gav.hr\/wp-content\/uploads\/2018\/07\/20180619_100437.jpg'><img width=\"150\" height=\"150\" src=\"https:\/\/gav.hr\/wp-content\/uploads\/2018\/07\/20180619_100437-150x150.jpg\" class=\"attachment-thumbnail size-thumbnail\" alt=\"\" loading=\"lazy\" \/><\/a>\n\t\t\t<\/div><\/figure><figure class='gallery-item'>\n\t\t\t<div class='gallery-icon landscape'>\n\t\t\t\t<a href='https:\/\/gav.hr\/wp-content\/uploads\/2018\/07\/20180619_093038.jpg'><img width=\"150\" height=\"150\" src=\"https:\/\/gav.hr\/wp-content\/uploads\/2018\/07\/20180619_093038-150x150.jpg\" class=\"attachment-thumbnail size-thumbnail\" alt=\"\" loading=\"lazy\" \/><\/a>\n\t\t\t<\/div><\/figure>\n\t\t<\/div>\n\n<p>&nbsp;<\/p>\n","protected":false},"excerpt":{"rendered":"<p>Povodom 27. obljetnice osnutka legendarne 113. \u0161ibenske brigade odr\u017eana je sve\u010danost kod spomenika poginulim braniteljima na Baldekinu. Himnu je na po\u010detku otpjevala na\u0161a klapa Gimnazijalke. Sve\u010danost je organizirala Udruga dragovoljaca i veterana Domovinskog rata \u0160ibenik, a vijence za pale branitelje su polo\u017eili pripadnici udruga proiza\u0161lih iz Domovinskog rata, predstavnici Grada \u0160ibenika i \u0160ibensko-kninske \u017eupanije te&hellip;<\/p>\n","protected":false},"author":2,"featured_media":0,"comment_status":"closed","ping_status":"closed","sticky":false,"template":"","format":"standard","meta":{"ngg_post_thumbnail":0,"_links_to":"","_links_to_target":""},"categories":[22,8],"tags":[],"_links":{"self":[{"href":"https:\/\/gav.hr\/index.php?rest_route=\/wp\/v2\/posts\/5370"}],"collection":[{"href":"https:\/\/gav.hr\/index.php?rest_route=\/wp\/v2\/posts"}],"about":[{"href":"https:\/\/gav.hr\/index.php?rest_route=\/wp\/v2\/types\/post"}],"author":[{"embeddable":true,"href":"https:\/\/gav.hr\/index.php?rest_route=\/wp\/v2\/users\/2"}],"replies":[{"embeddable":true,"href":"https:\/\/gav.hr\/index.php?rest_route=%2Fwp%2Fv2%2Fcomments&post=5370"}],"version-history":[{"count":2,"href":"https:\/\/gav.hr\/index.php?rest_route=\/wp\/v2\/posts\/5370\/revisions"}],"predecessor-version":[{"id":5377,"href":"https:\/\/gav.hr\/index.php?rest_route=\/wp\/v2\/posts\/5370\/revisions\/5377"}],"wp:attachment":[{"href":"https:\/\/gav.hr\/index.php?rest_route=%2Fwp%2Fv2%2Fmedia&parent=5370"}],"wp:term":[{"taxonomy":"category","embeddable":true,"href":"https:\/\/gav.hr\/index.php?rest_route=%2Fwp%2Fv2%2Fcategories&post=5370"},{"taxonomy":"post_tag","embeddable":true,"href":"https:\/\/gav.hr\/index.php?rest_route=%2Fwp%2Fv2%2Ftags&post=5370"}],"curies":[{"name":"wp","href":"https:\/\/api.w.org\/{rel}","templated":true}]}}