{"id":5486,"date":"2018-09-26T14:32:25","date_gmt":"2018-09-26T12:32:25","guid":{"rendered":"http:\/\/gav.hr\/?p=5486"},"modified":"2021-01-12T20:08:04","modified_gmt":"2021-01-12T18:08:04","slug":"klapa-gimnazijalke-kroz-ljeto-imala-zapazene-nastupe-na-smotrama-klapa","status":"publish","type":"post","link":"https:\/\/gav.hr\/?p=5486","title":{"rendered":"Klapa Gimnazijalke kroz ljeto imala zapa\u017eene nastupe na smotrama klapa"},"content":{"rendered":"<p dir=\"auto\">Tijekom ljeta na\u0161a klapa je imala vi\u0161e nastupa.Izdvajamo 39. susret dalmatinskih klapa Skradinu 2018. gdje su na\u0161e klapa\u0161ice bile debitantice u dru\u0161tvu poznatih klapa.<\/p>\n<p dir=\"auto\">Na susretu klapa u Pirovcu 18.8.2018.\u00a0 su nastupile zajedno sa klapom \u0160antarel, \u017dirje, Skradinke i Bunari.<strong><!--more Vi\u0161e--><\/strong><\/p>\n<p dir=\"auto\"><a href=\"http:\/\/gav.hr\/?attachment_id=5495\" rel=\"attachment wp-att-5495\"><img loading=\"lazy\" class=\"aligncenter wp-image-5495 size-medium\" src=\"http:\/\/gav.hr\/wp-content\/uploads\/2018\/09\/39-susret-dalmatinskih-klapa-skradin-2018-218x300.jpg\" alt=\"\" width=\"218\" height=\"300\" srcset=\"https:\/\/gav.hr\/wp-content\/uploads\/2018\/09\/39-susret-dalmatinskih-klapa-skradin-2018-218x300.jpg 218w, https:\/\/gav.hr\/wp-content\/uploads\/2018\/09\/39-susret-dalmatinskih-klapa-skradin-2018-768x1058.jpg 768w, https:\/\/gav.hr\/wp-content\/uploads\/2018\/09\/39-susret-dalmatinskih-klapa-skradin-2018-744x1024.jpg 744w, https:\/\/gav.hr\/wp-content\/uploads\/2018\/09\/39-susret-dalmatinskih-klapa-skradin-2018.jpg 1024w\" sizes=\"(max-width: 218px) 100vw, 218px\" \/><\/a><\/p>\n<div dir=\"auto\">\n<div id='gallery-1' class='gallery galleryid-5486 gallery-columns-5 gallery-size-thumbnail'><figure class='gallery-item'>\n\t\t\t<div class='gallery-icon landscape'>\n\t\t\t\t<a href='https:\/\/gav.hr\/?attachment_id=5488'><img width=\"150\" height=\"150\" src=\"https:\/\/gav.hr\/wp-content\/uploads\/2018\/09\/20180804_190816-150x150.jpg\" class=\"attachment-thumbnail size-thumbnail\" alt=\"\" loading=\"lazy\" \/><\/a>\n\t\t\t<\/div><\/figure><figure class='gallery-item'>\n\t\t\t<div class='gallery-icon landscape'>\n\t\t\t\t<a href='https:\/\/gav.hr\/?attachment_id=5489'><img width=\"150\" height=\"150\" src=\"https:\/\/gav.hr\/wp-content\/uploads\/2018\/09\/20180804_211858-150x150.jpg\" class=\"attachment-thumbnail size-thumbnail\" alt=\"\" loading=\"lazy\" \/><\/a>\n\t\t\t<\/div><\/figure><figure class='gallery-item'>\n\t\t\t<div class='gallery-icon landscape'>\n\t\t\t\t<a href='https:\/\/gav.hr\/?attachment_id=5490'><img width=\"150\" height=\"150\" src=\"https:\/\/gav.hr\/wp-content\/uploads\/2018\/09\/20180804_215250-150x150.jpg\" class=\"attachment-thumbnail size-thumbnail\" alt=\"\" loading=\"lazy\" \/><\/a>\n\t\t\t<\/div><\/figure><figure class='gallery-item'>\n\t\t\t<div class='gallery-icon landscape'>\n\t\t\t\t<a href='https:\/\/gav.hr\/?attachment_id=5491'><img width=\"150\" height=\"150\" src=\"https:\/\/gav.hr\/wp-content\/uploads\/2018\/09\/20180811_212359-150x150.jpg\" class=\"attachment-thumbnail size-thumbnail\" alt=\"\" loading=\"lazy\" \/><\/a>\n\t\t\t<\/div><\/figure><figure class='gallery-item'>\n\t\t\t<div class='gallery-icon landscape'>\n\t\t\t\t<a href='https:\/\/gav.hr\/?attachment_id=5492'><img width=\"150\" height=\"150\" src=\"https:\/\/gav.hr\/wp-content\/uploads\/2018\/09\/20180811_225233-150x150.jpg\" class=\"attachment-thumbnail size-thumbnail\" alt=\"\" loading=\"lazy\" \/><\/a>\n\t\t\t<\/div><\/figure>\n\t\t<\/div>\n\n<\/div>\n","protected":false},"excerpt":{"rendered":"<p>Tijekom ljeta na\u0161a klapa je imala vi\u0161e nastupa.Izdvajamo 39. susret dalmatinskih klapa Skradinu 2018. gdje su na\u0161e klapa\u0161ice bile debitantice u dru\u0161tvu poznatih klapa. Na susretu klapa u Pirovcu 18.8.2018.\u00a0 su nastupile zajedno sa klapom \u0160antarel, \u017dirje, Skradinke i Bunari.<\/p>\n","protected":false},"author":2,"featured_media":0,"comment_status":"closed","ping_status":"closed","sticky":false,"template":"","format":"standard","meta":{"ngg_post_thumbnail":0,"_links_to":"","_links_to_target":""},"categories":[22,8],"tags":[],"_links":{"self":[{"href":"https:\/\/gav.hr\/index.php?rest_route=\/wp\/v2\/posts\/5486"}],"collection":[{"href":"https:\/\/gav.hr\/index.php?rest_route=\/wp\/v2\/posts"}],"about":[{"href":"https:\/\/gav.hr\/index.php?rest_route=\/wp\/v2\/types\/post"}],"author":[{"embeddable":true,"href":"https:\/\/gav.hr\/index.php?rest_route=\/wp\/v2\/users\/2"}],"replies":[{"embeddable":true,"href":"https:\/\/gav.hr\/index.php?rest_route=%2Fwp%2Fv2%2Fcomments&post=5486"}],"version-history":[{"count":12,"href":"https:\/\/gav.hr\/index.php?rest_route=\/wp\/v2\/posts\/5486\/revisions"}],"predecessor-version":[{"id":5692,"href":"https:\/\/gav.hr\/index.php?rest_route=\/wp\/v2\/posts\/5486\/revisions\/5692"}],"wp:attachment":[{"href":"https:\/\/gav.hr\/index.php?rest_route=%2Fwp%2Fv2%2Fmedia&parent=5486"}],"wp:term":[{"taxonomy":"category","embeddable":true,"href":"https:\/\/gav.hr\/index.php?rest_route=%2Fwp%2Fv2%2Fcategories&post=5486"},{"taxonomy":"post_tag","embeddable":true,"href":"https:\/\/gav.hr\/index.php?rest_route=%2Fwp%2Fv2%2Ftags&post=5486"}],"curies":[{"name":"wp","href":"https:\/\/api.w.org\/{rel}","templated":true}]}}