{"id":5714,"date":"2018-11-07T13:03:36","date_gmt":"2018-11-07T11:03:36","guid":{"rendered":"http:\/\/gav.hr\/?p=5714"},"modified":"2021-01-12T20:08:25","modified_gmt":"2021-01-12T18:08:25","slug":"klapa-gimnazijalke-otvorila-14-hrvatski-festival-sportske-rekreacije-zena-u-sibeniku","status":"publish","type":"post","link":"https:\/\/gav.hr\/?p=5714","title":{"rendered":"Klapa Gimnazijalke otvorila 14. hrvatski festival sportske rekreacije \u017eena u \u0160ibeniku"},"content":{"rendered":"<p>Dana 3.11.2018.u sportskoj dvorani osnovne \u0161kole Meterize sve\u010dano je otvoren 14. Festival sportske rekreacije \u017eena gdje je na\u0161a klapa izvedbom nekoliko pjesama sudionicama festivala donijela da\u0161ak \u0161ibenske klapske pjesme.<strong><!--more Vi\u0161e--><\/strong><br \/>\n<div id='gallery-1' class='gallery galleryid-5714 gallery-columns-4 gallery-size-thumbnail'><figure class='gallery-item'>\n\t\t\t<div class='gallery-icon landscape'>\n\t\t\t\t<a href='https:\/\/gav.hr\/?attachment_id=5718'><img width=\"150\" height=\"150\" src=\"https:\/\/gav.hr\/wp-content\/uploads\/2018\/11\/20181103_141338-150x150.jpg\" class=\"attachment-thumbnail size-thumbnail\" alt=\"\" loading=\"lazy\" \/><\/a>\n\t\t\t<\/div><\/figure><figure class='gallery-item'>\n\t\t\t<div class='gallery-icon landscape'>\n\t\t\t\t<a href='https:\/\/gav.hr\/?attachment_id=5719'><img width=\"150\" height=\"150\" src=\"https:\/\/gav.hr\/wp-content\/uploads\/2018\/11\/20181103_141421-150x150.jpg\" class=\"attachment-thumbnail size-thumbnail\" alt=\"\" loading=\"lazy\" \/><\/a>\n\t\t\t<\/div><\/figure><figure class='gallery-item'>\n\t\t\t<div class='gallery-icon landscape'>\n\t\t\t\t<a href='https:\/\/gav.hr\/?attachment_id=5720'><img width=\"150\" height=\"150\" src=\"https:\/\/gav.hr\/wp-content\/uploads\/2018\/11\/20181103_141425-150x150.jpg\" class=\"attachment-thumbnail size-thumbnail\" alt=\"\" loading=\"lazy\" \/><\/a>\n\t\t\t<\/div><\/figure><figure class='gallery-item'>\n\t\t\t<div class='gallery-icon landscape'>\n\t\t\t\t<a href='https:\/\/gav.hr\/?attachment_id=5721'><img width=\"150\" height=\"150\" src=\"https:\/\/gav.hr\/wp-content\/uploads\/2018\/11\/20181103_143043-150x150.jpg\" class=\"attachment-thumbnail size-thumbnail\" alt=\"\" loading=\"lazy\" \/><\/a>\n\t\t\t<\/div><\/figure>\n\t\t<\/div>\n<\/p>\n","protected":false},"excerpt":{"rendered":"<p>Dana 3.11.2018.u sportskoj dvorani osnovne \u0161kole Meterize sve\u010dano je otvoren 14. Festival sportske rekreacije \u017eena gdje je na\u0161a klapa izvedbom nekoliko pjesama sudionicama festivala donijela da\u0161ak \u0161ibenske klapske pjesme.<\/p>\n","protected":false},"author":2,"featured_media":0,"comment_status":"closed","ping_status":"closed","sticky":false,"template":"","format":"standard","meta":{"ngg_post_thumbnail":0,"_links_to":"","_links_to_target":""},"categories":[22,8],"tags":[],"_links":{"self":[{"href":"https:\/\/gav.hr\/index.php?rest_route=\/wp\/v2\/posts\/5714"}],"collection":[{"href":"https:\/\/gav.hr\/index.php?rest_route=\/wp\/v2\/posts"}],"about":[{"href":"https:\/\/gav.hr\/index.php?rest_route=\/wp\/v2\/types\/post"}],"author":[{"embeddable":true,"href":"https:\/\/gav.hr\/index.php?rest_route=\/wp\/v2\/users\/2"}],"replies":[{"embeddable":true,"href":"https:\/\/gav.hr\/index.php?rest_route=%2Fwp%2Fv2%2Fcomments&post=5714"}],"version-history":[{"count":4,"href":"https:\/\/gav.hr\/index.php?rest_route=\/wp\/v2\/posts\/5714\/revisions"}],"predecessor-version":[{"id":5722,"href":"https:\/\/gav.hr\/index.php?rest_route=\/wp\/v2\/posts\/5714\/revisions\/5722"}],"wp:attachment":[{"href":"https:\/\/gav.hr\/index.php?rest_route=%2Fwp%2Fv2%2Fmedia&parent=5714"}],"wp:term":[{"taxonomy":"category","embeddable":true,"href":"https:\/\/gav.hr\/index.php?rest_route=%2Fwp%2Fv2%2Fcategories&post=5714"},{"taxonomy":"post_tag","embeddable":true,"href":"https:\/\/gav.hr\/index.php?rest_route=%2Fwp%2Fv2%2Ftags&post=5714"}],"curies":[{"name":"wp","href":"https:\/\/api.w.org\/{rel}","templated":true}]}}