{"id":5756,"date":"2018-11-18T20:20:56","date_gmt":"2018-11-18T18:20:56","guid":{"rendered":"http:\/\/gav.hr\/?p=5756"},"modified":"2021-01-12T20:08:31","modified_gmt":"2021-01-12T18:08:31","slug":"klapa-gimnazijalke-uvelicala-promociju-prve-generacije-prvostupnika-na-studiju-energetske-ucinkovitosti-i-obnovljivih-izvora-u-sibeniku","status":"publish","type":"post","link":"https:\/\/gav.hr\/?p=5756","title":{"rendered":"Klapa Gimnazijalke uveli\u010dala promociju prve generacije prvostupnika na studiju energetske u\u010dinkovitosti i obnovljivih izvora u \u0160ibeniku"},"content":{"rendered":"<p>Prva generacija in\u017eenjera prvostupnika energetskih tehnologija, njih 12, sve\u010dano je promovirana 17.11.2018. na dislociranom preddiplomskom sveu\u010dili\u0161nom Studiju energetske u\u010dinkovitosti i obnovljivih izvora u \u0160ibeniku. Na\u0161a klapa Gimnazijalke imala je \u010dast uvelicati njihovu promociju izvedbom nekoliko pjesama. <strong><!--more Vi\u0161e--><\/strong>Sve\u010danu atmosferu pogledajte na slikama.<br \/>\n<div id='gallery-1' class='gallery galleryid-5756 gallery-columns-5 gallery-size-thumbnail'><figure class='gallery-item'>\n\t\t\t<div class='gallery-icon landscape'>\n\t\t\t\t<a href='https:\/\/gav.hr\/?attachment_id=5757'><img width=\"150\" height=\"150\" src=\"https:\/\/gav.hr\/wp-content\/uploads\/2018\/11\/20181117_120103-150x150.jpg\" class=\"attachment-thumbnail size-thumbnail\" alt=\"\" loading=\"lazy\" \/><\/a>\n\t\t\t<\/div><\/figure><figure class='gallery-item'>\n\t\t\t<div class='gallery-icon landscape'>\n\t\t\t\t<a href='https:\/\/gav.hr\/?attachment_id=5758'><img width=\"150\" height=\"150\" src=\"https:\/\/gav.hr\/wp-content\/uploads\/2018\/11\/20181117_122058-150x150.jpg\" class=\"attachment-thumbnail size-thumbnail\" alt=\"\" loading=\"lazy\" \/><\/a>\n\t\t\t<\/div><\/figure><figure class='gallery-item'>\n\t\t\t<div class='gallery-icon landscape'>\n\t\t\t\t<a href='https:\/\/gav.hr\/?attachment_id=5759'><img width=\"150\" height=\"150\" src=\"https:\/\/gav.hr\/wp-content\/uploads\/2018\/11\/20181117_122917-150x150.jpg\" class=\"attachment-thumbnail size-thumbnail\" alt=\"\" loading=\"lazy\" \/><\/a>\n\t\t\t<\/div><\/figure><figure class='gallery-item'>\n\t\t\t<div class='gallery-icon landscape'>\n\t\t\t\t<a href='https:\/\/gav.hr\/?attachment_id=5760'><img width=\"150\" height=\"150\" src=\"https:\/\/gav.hr\/wp-content\/uploads\/2018\/11\/20181117_123758-150x150.jpg\" class=\"attachment-thumbnail size-thumbnail\" alt=\"\" loading=\"lazy\" \/><\/a>\n\t\t\t<\/div><\/figure><figure class='gallery-item'>\n\t\t\t<div class='gallery-icon landscape'>\n\t\t\t\t<a href='https:\/\/gav.hr\/?attachment_id=5761'><img width=\"150\" height=\"150\" src=\"https:\/\/gav.hr\/wp-content\/uploads\/2018\/11\/20181117_123759-150x150.jpg\" class=\"attachment-thumbnail size-thumbnail\" alt=\"\" loading=\"lazy\" \/><\/a>\n\t\t\t<\/div><\/figure>\n\t\t<\/div>\n<\/p>\n","protected":false},"excerpt":{"rendered":"<p>Prva generacija in\u017eenjera prvostupnika energetskih tehnologija, njih 12, sve\u010dano je promovirana 17.11.2018. na dislociranom preddiplomskom sveu\u010dili\u0161nom Studiju energetske u\u010dinkovitosti i obnovljivih izvora u \u0160ibeniku. Na\u0161a klapa Gimnazijalke imala je \u010dast uvelicati njihovu promociju izvedbom nekoliko pjesama.<\/p>\n","protected":false},"author":2,"featured_media":0,"comment_status":"closed","ping_status":"closed","sticky":false,"template":"","format":"standard","meta":{"ngg_post_thumbnail":0,"_links_to":"","_links_to_target":""},"categories":[22,8],"tags":[],"_links":{"self":[{"href":"https:\/\/gav.hr\/index.php?rest_route=\/wp\/v2\/posts\/5756"}],"collection":[{"href":"https:\/\/gav.hr\/index.php?rest_route=\/wp\/v2\/posts"}],"about":[{"href":"https:\/\/gav.hr\/index.php?rest_route=\/wp\/v2\/types\/post"}],"author":[{"embeddable":true,"href":"https:\/\/gav.hr\/index.php?rest_route=\/wp\/v2\/users\/2"}],"replies":[{"embeddable":true,"href":"https:\/\/gav.hr\/index.php?rest_route=%2Fwp%2Fv2%2Fcomments&post=5756"}],"version-history":[{"count":2,"href":"https:\/\/gav.hr\/index.php?rest_route=\/wp\/v2\/posts\/5756\/revisions"}],"predecessor-version":[{"id":5763,"href":"https:\/\/gav.hr\/index.php?rest_route=\/wp\/v2\/posts\/5756\/revisions\/5763"}],"wp:attachment":[{"href":"https:\/\/gav.hr\/index.php?rest_route=%2Fwp%2Fv2%2Fmedia&parent=5756"}],"wp:term":[{"taxonomy":"category","embeddable":true,"href":"https:\/\/gav.hr\/index.php?rest_route=%2Fwp%2Fv2%2Fcategories&post=5756"},{"taxonomy":"post_tag","embeddable":true,"href":"https:\/\/gav.hr\/index.php?rest_route=%2Fwp%2Fv2%2Ftags&post=5756"}],"curies":[{"name":"wp","href":"https:\/\/api.w.org\/{rel}","templated":true}]}}