{"id":5901,"date":"2018-12-21T10:33:57","date_gmt":"2018-12-21T08:33:57","guid":{"rendered":"http:\/\/gav.hr\/?p=5901"},"modified":"2021-01-12T20:04:35","modified_gmt":"2021-01-12T18:04:35","slug":"bozicna-bajka-uz-klapu-gimnazijalke","status":"publish","type":"post","link":"https:\/\/gav.hr\/?p=5901","title":{"rendered":"Bo\u017ei\u0107na bajka uz klapu Gimnazijalke"},"content":{"rendered":"<p>Dru\u0161tvo Na\u0161a djeca \u0160ibenik\u00a0 u nedjelju, 16. prosinca, u dvorani Baldekin organiziralo je Bo\u017ei\u0107nu bajku, humanitarnu priredbu koja\u00a0 okuplja djecu iz \u0161ibenskih vrti\u0107a, osnovnih \u0161kola te glazbenih i plesnih udruga.<strong><!--more Vi\u0161e--><\/strong><\/p>\n<p>Uz Cvr\u010dak, Balarin, Sjene, Balans, X3M, Kolajnicu, Gimnasti\u010dko dru\u0161tvo \u0160ibenik\u00a0 &#8211; Dalmacija ove godine nastupila je i\u00a0 klapa Gimnazijalke. <\/p>\n<div id='gallery-1' class='gallery galleryid-5901 gallery-columns-4 gallery-size-thumbnail'><figure class='gallery-item'>\n\t\t\t<div class='gallery-icon landscape'>\n\t\t\t\t<a href='https:\/\/gav.hr\/?attachment_id=5905'><img width=\"150\" height=\"150\" src=\"https:\/\/gav.hr\/wp-content\/uploads\/2018\/12\/20181216_175321-150x150.jpg\" class=\"attachment-thumbnail size-thumbnail\" alt=\"\" loading=\"lazy\" \/><\/a>\n\t\t\t<\/div><\/figure><figure class='gallery-item'>\n\t\t\t<div class='gallery-icon landscape'>\n\t\t\t\t<a href='https:\/\/gav.hr\/?attachment_id=5904'><img width=\"150\" height=\"150\" src=\"https:\/\/gav.hr\/wp-content\/uploads\/2018\/12\/20181216_175143-150x150.jpg\" class=\"attachment-thumbnail size-thumbnail\" alt=\"\" loading=\"lazy\" \/><\/a>\n\t\t\t<\/div><\/figure><figure class='gallery-item'>\n\t\t\t<div class='gallery-icon landscape'>\n\t\t\t\t<a href='https:\/\/gav.hr\/?attachment_id=5903'><img width=\"150\" height=\"150\" src=\"https:\/\/gav.hr\/wp-content\/uploads\/2018\/12\/20181216_175046-150x150.jpg\" class=\"attachment-thumbnail size-thumbnail\" alt=\"\" loading=\"lazy\" \/><\/a>\n\t\t\t<\/div><\/figure><figure class='gallery-item'>\n\t\t\t<div class='gallery-icon landscape'>\n\t\t\t\t<a href='https:\/\/gav.hr\/?attachment_id=5902'><img width=\"150\" height=\"150\" src=\"https:\/\/gav.hr\/wp-content\/uploads\/2018\/12\/20181216_175042-150x150.jpg\" class=\"attachment-thumbnail size-thumbnail\" alt=\"\" loading=\"lazy\" \/><\/a>\n\t\t\t<\/div><\/figure>\n\t\t<\/div>\n\n","protected":false},"excerpt":{"rendered":"<p>Dru\u0161tvo Na\u0161a djeca \u0160ibenik\u00a0 u nedjelju, 16. prosinca, u dvorani Baldekin organiziralo je Bo\u017ei\u0107nu bajku, humanitarnu priredbu koja\u00a0 okuplja djecu iz \u0161ibenskih vrti\u0107a, osnovnih \u0161kola te glazbenih i plesnih udruga.<\/p>\n","protected":false},"author":2,"featured_media":0,"comment_status":"closed","ping_status":"closed","sticky":false,"template":"","format":"standard","meta":{"ngg_post_thumbnail":0,"_links_to":"","_links_to_target":""},"categories":[22,8],"tags":[],"_links":{"self":[{"href":"https:\/\/gav.hr\/index.php?rest_route=\/wp\/v2\/posts\/5901"}],"collection":[{"href":"https:\/\/gav.hr\/index.php?rest_route=\/wp\/v2\/posts"}],"about":[{"href":"https:\/\/gav.hr\/index.php?rest_route=\/wp\/v2\/types\/post"}],"author":[{"embeddable":true,"href":"https:\/\/gav.hr\/index.php?rest_route=\/wp\/v2\/users\/2"}],"replies":[{"embeddable":true,"href":"https:\/\/gav.hr\/index.php?rest_route=%2Fwp%2Fv2%2Fcomments&post=5901"}],"version-history":[{"count":3,"href":"https:\/\/gav.hr\/index.php?rest_route=\/wp\/v2\/posts\/5901\/revisions"}],"predecessor-version":[{"id":5908,"href":"https:\/\/gav.hr\/index.php?rest_route=\/wp\/v2\/posts\/5901\/revisions\/5908"}],"wp:attachment":[{"href":"https:\/\/gav.hr\/index.php?rest_route=%2Fwp%2Fv2%2Fmedia&parent=5901"}],"wp:term":[{"taxonomy":"category","embeddable":true,"href":"https:\/\/gav.hr\/index.php?rest_route=%2Fwp%2Fv2%2Fcategories&post=5901"},{"taxonomy":"post_tag","embeddable":true,"href":"https:\/\/gav.hr\/index.php?rest_route=%2Fwp%2Fv2%2Ftags&post=5901"}],"curies":[{"name":"wp","href":"https:\/\/api.w.org\/{rel}","templated":true}]}}