{"id":6005,"date":"2019-01-17T22:44:57","date_gmt":"2019-01-17T20:44:57","guid":{"rendered":"http:\/\/gav.hr\/?p=6005"},"modified":"2021-01-12T20:04:41","modified_gmt":"2021-01-12T18:04:41","slug":"bozicno-novogodisnji-koncert-puhackog-orkestra-pirovac-uz-klapu-gimnazijalke","status":"publish","type":"post","link":"https:\/\/gav.hr\/?p=6005","title":{"rendered":"Bo\u017ei\u0107no-novogodi\u0161nji koncert Puha\u010dkog orkestra Pirovac uz klapu Gimnazijalke"},"content":{"rendered":"<p>Koncert pirova\u010dkih puha\u010da u sklopu Adventa u Pirovcu bio je kruna njihova rada tijekom prosle godine.Kako \u0107e 2018. godinu svijet glazbe, me\u0111u ostalim, pamtiti i po odlasku Olivera Dragojevi\u0107a, u njegovu su \u010dast Pirov\u010dani izveli set njegovih pjesama. A da ve\u010der ne pro\u0111e samo uz instrumentalne izvedbe, pobrinula se klapa Gimnazijalke.<strong><!--more Vi\u0161e--><\/strong><\/p>\n<div id='gallery-1' class='gallery galleryid-6005 gallery-columns-3 gallery-size-thumbnail'><figure class='gallery-item'>\n\t\t\t<div class='gallery-icon landscape'>\n\t\t\t\t<a href='https:\/\/gav.hr\/?attachment_id=6006'><img width=\"150\" height=\"150\" src=\"https:\/\/gav.hr\/wp-content\/uploads\/2019\/01\/POPirovac-4-150x150.jpg\" class=\"attachment-thumbnail size-thumbnail\" alt=\"\" loading=\"lazy\" srcset=\"https:\/\/gav.hr\/wp-content\/uploads\/2019\/01\/POPirovac-4-150x150.jpg 150w, https:\/\/gav.hr\/wp-content\/uploads\/2019\/01\/POPirovac-4-144x144.jpg 144w\" sizes=\"(max-width: 150px) 100vw, 150px\" \/><\/a>\n\t\t\t<\/div><\/figure><figure class='gallery-item'>\n\t\t\t<div class='gallery-icon landscape'>\n\t\t\t\t<a href='https:\/\/gav.hr\/?attachment_id=6007'><img width=\"150\" height=\"150\" src=\"https:\/\/gav.hr\/wp-content\/uploads\/2019\/01\/POPirovac-5-150x150.jpg\" class=\"attachment-thumbnail size-thumbnail\" alt=\"\" loading=\"lazy\" srcset=\"https:\/\/gav.hr\/wp-content\/uploads\/2019\/01\/POPirovac-5-150x150.jpg 150w, https:\/\/gav.hr\/wp-content\/uploads\/2019\/01\/POPirovac-5-144x144.jpg 144w\" sizes=\"(max-width: 150px) 100vw, 150px\" \/><\/a>\n\t\t\t<\/div><\/figure><figure class='gallery-item'>\n\t\t\t<div class='gallery-icon landscape'>\n\t\t\t\t<a href='https:\/\/gav.hr\/?attachment_id=6008'><img width=\"150\" height=\"150\" src=\"https:\/\/gav.hr\/wp-content\/uploads\/2019\/01\/POPirovac-9-150x150.jpg\" class=\"attachment-thumbnail size-thumbnail\" alt=\"\" loading=\"lazy\" srcset=\"https:\/\/gav.hr\/wp-content\/uploads\/2019\/01\/POPirovac-9-150x150.jpg 150w, https:\/\/gav.hr\/wp-content\/uploads\/2019\/01\/POPirovac-9-144x144.jpg 144w\" sizes=\"(max-width: 150px) 100vw, 150px\" \/><\/a>\n\t\t\t<\/div><\/figure><figure class='gallery-item'>\n\t\t\t<div class='gallery-icon landscape'>\n\t\t\t\t<a href='https:\/\/gav.hr\/?attachment_id=6009'><img width=\"150\" height=\"150\" src=\"https:\/\/gav.hr\/wp-content\/uploads\/2019\/01\/POPirovac-10-150x150.jpg\" class=\"attachment-thumbnail size-thumbnail\" alt=\"\" loading=\"lazy\" srcset=\"https:\/\/gav.hr\/wp-content\/uploads\/2019\/01\/POPirovac-10-150x150.jpg 150w, https:\/\/gav.hr\/wp-content\/uploads\/2019\/01\/POPirovac-10-144x144.jpg 144w\" sizes=\"(max-width: 150px) 100vw, 150px\" \/><\/a>\n\t\t\t<\/div><\/figure><figure class='gallery-item'>\n\t\t\t<div class='gallery-icon landscape'>\n\t\t\t\t<a href='https:\/\/gav.hr\/?attachment_id=6010'><img width=\"150\" height=\"150\" src=\"https:\/\/gav.hr\/wp-content\/uploads\/2019\/01\/POPirovac-11-150x150.jpg\" class=\"attachment-thumbnail size-thumbnail\" alt=\"\" loading=\"lazy\" srcset=\"https:\/\/gav.hr\/wp-content\/uploads\/2019\/01\/POPirovac-11-150x150.jpg 150w, https:\/\/gav.hr\/wp-content\/uploads\/2019\/01\/POPirovac-11-144x144.jpg 144w\" sizes=\"(max-width: 150px) 100vw, 150px\" \/><\/a>\n\t\t\t<\/div><\/figure>\n\t\t<\/div>\n\n","protected":false},"excerpt":{"rendered":"<p>Koncert pirova\u010dkih puha\u010da u sklopu Adventa u Pirovcu bio je kruna njihova rada tijekom prosle godine.Kako \u0107e 2018. godinu svijet glazbe, me\u0111u ostalim, pamtiti i po odlasku Olivera Dragojevi\u0107a, u njegovu su \u010dast Pirov\u010dani izveli set njegovih pjesama. A da ve\u010der ne pro\u0111e samo uz instrumentalne izvedbe, pobrinula se klapa Gimnazijalke.<\/p>\n","protected":false},"author":2,"featured_media":0,"comment_status":"closed","ping_status":"closed","sticky":false,"template":"","format":"standard","meta":{"ngg_post_thumbnail":0,"_links_to":"","_links_to_target":""},"categories":[22,8],"tags":[],"_links":{"self":[{"href":"https:\/\/gav.hr\/index.php?rest_route=\/wp\/v2\/posts\/6005"}],"collection":[{"href":"https:\/\/gav.hr\/index.php?rest_route=\/wp\/v2\/posts"}],"about":[{"href":"https:\/\/gav.hr\/index.php?rest_route=\/wp\/v2\/types\/post"}],"author":[{"embeddable":true,"href":"https:\/\/gav.hr\/index.php?rest_route=\/wp\/v2\/users\/2"}],"replies":[{"embeddable":true,"href":"https:\/\/gav.hr\/index.php?rest_route=%2Fwp%2Fv2%2Fcomments&post=6005"}],"version-history":[{"count":2,"href":"https:\/\/gav.hr\/index.php?rest_route=\/wp\/v2\/posts\/6005\/revisions"}],"predecessor-version":[{"id":6012,"href":"https:\/\/gav.hr\/index.php?rest_route=\/wp\/v2\/posts\/6005\/revisions\/6012"}],"wp:attachment":[{"href":"https:\/\/gav.hr\/index.php?rest_route=%2Fwp%2Fv2%2Fmedia&parent=6005"}],"wp:term":[{"taxonomy":"category","embeddable":true,"href":"https:\/\/gav.hr\/index.php?rest_route=%2Fwp%2Fv2%2Fcategories&post=6005"},{"taxonomy":"post_tag","embeddable":true,"href":"https:\/\/gav.hr\/index.php?rest_route=%2Fwp%2Fv2%2Ftags&post=6005"}],"curies":[{"name":"wp","href":"https:\/\/api.w.org\/{rel}","templated":true}]}}