{"id":6021,"date":"2019-01-18T19:29:56","date_gmt":"2019-01-18T19:29:56","guid":{"rendered":"http:\/\/gav.hr\/?p=6021"},"modified":"2019-01-18T19:31:46","modified_gmt":"2019-01-18T19:31:46","slug":"europski-projekt-o-ucenju-matematike-istrazivanjem-meria","status":"publish","type":"post","link":"https:\/\/gav.hr\/?p=6021","title":{"rendered":"Europski projekt o u\u010denju matematike istra\u017eivanjem &#8211; Meria"},"content":{"rendered":"<p>MERIA je skra\u0107enica naziva projekta\u00a0<em>Mathematics Education \u2013 Relevant, Interesting and Applicable\u00a0<\/em>(Matemati\u010dko obrazovanje \u2013 zna\u010dajno, zanimljivo i primjenjivo) europskog programa u podru\u010dju obrazovanja Erasmus+.<\/p>\n<p>Projekt vodi i koordinira Prirodoslovnomatemati\u010dki fakultet Sveu\u010dili\u0161ta u Zagrebu, a osim hrvatskih partnera, <strong><!--more Vi\u0161e--><\/strong>Fakulteta elektrotehnike i ra\u010dunarstva i Fakulteta organizacije i informatike Sveu\u010dili\u0161te u Zagrebu, Hrvatskog matemati\u010dkog dru\u0161tva i zagreba\u010dke XV. gimnazije, u projektu sudjeluju Sveu\u010dili\u0161te u Kopenhagenu, Gimnaziju Vordingborg i Dru\u0161tvo nastavnika matematike iz Danske, Sveu\u010dili\u0161te u Utrechtu iz Nizozemske te Sveu\u010dili\u0161te u Ljubljani i Nacionalni edukacijski institut iz Slovenije.<\/p>\n<p>Glavni cilj projekta MERIA je unapre\u0111enje kvalitete matemati\u010dkog obrazovanja u srednjim \u0161kolama u Europi pomo\u0107u istra\u017eiva\u010dki usmjerenog pristupa nastavi matematike uz odgovaraju\u0107u podr\u0161ku profesionalnom razvoju nastavnika.<\/p>\n<p>Projekt MERIA razvija pozitivan stav prema matematici provode\u0107i aktivnosti koje promoviraju matematiku kao privla\u010dnu, va\u017enu i korisnu. Kako je jedan od obrazovnih ciljeva iz Strate\u0161kog okvira za Europsku suradnju u obrazovanju i osposobljavanju (ET 2020) smanjenje udjela slabijih postignu\u0107a u \u010ditala\u010dkoj, matemati\u010dkoj i digitalnoj pismenosti te prirodoslovlju, aktivnosti projekta MERIA upravo su usmjerene prema u\u010denicima koji imaju pote\u0161ko\u0107e s u\u010denjem matematike. Projekt MERIA fokusirat \u0107e se na razvoj vi\u0161ih kognitivnih sposobnosti u\u010denika kao i na nastavne metode zasnovane na problemskoj nastavi. Te je ciljeve predvi\u0111eno ostvariti osmi\u0161ljavanjem inovativnih materijala za u\u010denje i pou\u010davanje matematike uz pru\u017eanje odgovaraju\u0107e potpore nastavnicima u stvaranju istra\u017eiva\u010dki usmjerenih situacija u razredu. Time se promovira kreativnost i kriti\u010dko mi\u0161ljenje kao va\u017ean aspekt nastavni\u010dkih kompetencija za 21. stolje\u0107e.<\/p>\n<p>Profesorica Lorana Antunac prisustvovala je dvodnevnom\u00a0 seminaru koji se odr\u017eao u Zagrebu 10.1.2109. i 11.1.2019.\u00a0 U ovaj \u00a0projekt su uklju\u010dene jo\u0161 dvije profesorice matematike iz na\u0161e \u0161kole,prof. Marija Pekas i prof. Lucija La\u0107a Lako\u0161 .<\/p>\n<div id='gallery-1' class='gallery galleryid-6021 gallery-columns-3 gallery-size-thumbnail'><figure class='gallery-item'>\n\t\t\t<div class='gallery-icon landscape'>\n\t\t\t\t<a href='https:\/\/gav.hr\/?attachment_id=6022'><img width=\"150\" height=\"150\" src=\"https:\/\/gav.hr\/wp-content\/uploads\/2019\/01\/meria-slika-150x150.jpg\" class=\"attachment-thumbnail size-thumbnail\" alt=\"\" loading=\"lazy\" srcset=\"https:\/\/gav.hr\/wp-content\/uploads\/2019\/01\/meria-slika-150x150.jpg 150w, https:\/\/gav.hr\/wp-content\/uploads\/2019\/01\/meria-slika-144x144.jpg 144w\" sizes=\"(max-width: 150px) 100vw, 150px\" \/><\/a>\n\t\t\t<\/div><\/figure><figure class='gallery-item'>\n\t\t\t<div class='gallery-icon portrait'>\n\t\t\t\t<a href='https:\/\/gav.hr\/?attachment_id=6023'><img width=\"150\" height=\"150\" src=\"https:\/\/gav.hr\/wp-content\/uploads\/2019\/01\/meria-slika.jpg-3-150x150.jpg\" class=\"attachment-thumbnail size-thumbnail\" alt=\"\" loading=\"lazy\" srcset=\"https:\/\/gav.hr\/wp-content\/uploads\/2019\/01\/meria-slika.jpg-3-150x150.jpg 150w, https:\/\/gav.hr\/wp-content\/uploads\/2019\/01\/meria-slika.jpg-3-144x144.jpg 144w\" sizes=\"(max-width: 150px) 100vw, 150px\" \/><\/a>\n\t\t\t<\/div><\/figure><figure class='gallery-item'>\n\t\t\t<div class='gallery-icon portrait'>\n\t\t\t\t<a href='https:\/\/gav.hr\/?attachment_id=6024'><img width=\"150\" height=\"150\" src=\"https:\/\/gav.hr\/wp-content\/uploads\/2019\/01\/meria-150x150.jpg\" class=\"attachment-thumbnail size-thumbnail\" alt=\"\" loading=\"lazy\" srcset=\"https:\/\/gav.hr\/wp-content\/uploads\/2019\/01\/meria-150x150.jpg 150w, https:\/\/gav.hr\/wp-content\/uploads\/2019\/01\/meria-144x144.jpg 144w\" sizes=\"(max-width: 150px) 100vw, 150px\" \/><\/a>\n\t\t\t<\/div><\/figure>\n\t\t<\/div>\n\n","protected":false},"excerpt":{"rendered":"<p>MERIA je skra\u0107enica naziva projekta\u00a0Mathematics Education \u2013 Relevant, Interesting and Applicable\u00a0(Matemati\u010dko obrazovanje \u2013 zna\u010dajno, zanimljivo i primjenjivo) europskog programa u podru\u010dju obrazovanja Erasmus+. Projekt vodi i koordinira Prirodoslovnomatemati\u010dki fakultet Sveu\u010dili\u0161ta u Zagrebu, a osim hrvatskih partnera,<\/p>\n","protected":false},"author":2,"featured_media":0,"comment_status":"closed","ping_status":"closed","sticky":false,"template":"","format":"standard","meta":{"ngg_post_thumbnail":0,"_links_to":"","_links_to_target":""},"categories":[8],"tags":[],"_links":{"self":[{"href":"https:\/\/gav.hr\/index.php?rest_route=\/wp\/v2\/posts\/6021"}],"collection":[{"href":"https:\/\/gav.hr\/index.php?rest_route=\/wp\/v2\/posts"}],"about":[{"href":"https:\/\/gav.hr\/index.php?rest_route=\/wp\/v2\/types\/post"}],"author":[{"embeddable":true,"href":"https:\/\/gav.hr\/index.php?rest_route=\/wp\/v2\/users\/2"}],"replies":[{"embeddable":true,"href":"https:\/\/gav.hr\/index.php?rest_route=%2Fwp%2Fv2%2Fcomments&post=6021"}],"version-history":[{"count":3,"href":"https:\/\/gav.hr\/index.php?rest_route=\/wp\/v2\/posts\/6021\/revisions"}],"predecessor-version":[{"id":6027,"href":"https:\/\/gav.hr\/index.php?rest_route=\/wp\/v2\/posts\/6021\/revisions\/6027"}],"wp:attachment":[{"href":"https:\/\/gav.hr\/index.php?rest_route=%2Fwp%2Fv2%2Fmedia&parent=6021"}],"wp:term":[{"taxonomy":"category","embeddable":true,"href":"https:\/\/gav.hr\/index.php?rest_route=%2Fwp%2Fv2%2Fcategories&post=6021"},{"taxonomy":"post_tag","embeddable":true,"href":"https:\/\/gav.hr\/index.php?rest_route=%2Fwp%2Fv2%2Ftags&post=6021"}],"curies":[{"name":"wp","href":"https:\/\/api.w.org\/{rel}","templated":true}]}}