{"id":6096,"date":"2019-02-22T13:44:44","date_gmt":"2019-02-22T11:44:44","guid":{"rendered":"http:\/\/gav.hr\/?p=6096"},"modified":"2021-01-12T20:04:53","modified_gmt":"2021-01-12T18:04:53","slug":"izlozba-stara-ucila-u-nastavi-sibenske-gimnazije","status":"publish","type":"post","link":"https:\/\/gav.hr\/?p=6096","title":{"rendered":"Izlo\u017eba &#8220;Stara u\u010dila u nastavi \u0161ibenske Gimnazije&#8221;"},"content":{"rendered":"<p>U \u010detvrtak, 21. velja\u010de 2019. godine otvorena je izlo\u017eba &#8220;Stara u\u010dila u nastavi \u0161ibenske Gimnazije&#8221; koja se mo\u017ee razgledati u Gradskoj knji\u017enici Jurja \u0160i\u017egori\u0107a do 10. o\u017eujka 2019.<strong><!--more Vi\u0161e--><\/strong><br \/>\nU suradnji s Odjelom za vizualnu kulturu \u0161ibenske knji\u017enice, izlo\u017ebu su pripremili profesori biologije, fizike i kemije.<br \/>\nProgram je vodila maturantica Nika Markovi\u0107, a na otvorenju je nastupila klapa &#8220;Gimnazijalke&#8221;.<\/p>\n<div id='gallery-1' class='gallery galleryid-6096 gallery-columns-4 gallery-size-thumbnail'><figure class='gallery-item'>\n\t\t\t<div class='gallery-icon landscape'>\n\t\t\t\t<a href='https:\/\/gav.hr\/?attachment_id=6097'><img width=\"150\" height=\"150\" src=\"https:\/\/gav.hr\/wp-content\/uploads\/2019\/02\/1-150x150.jpg\" class=\"attachment-thumbnail size-thumbnail\" alt=\"\" loading=\"lazy\" srcset=\"https:\/\/gav.hr\/wp-content\/uploads\/2019\/02\/1-150x150.jpg 150w, https:\/\/gav.hr\/wp-content\/uploads\/2019\/02\/1-144x144.jpg 144w\" sizes=\"(max-width: 150px) 100vw, 150px\" \/><\/a>\n\t\t\t<\/div><\/figure><figure class='gallery-item'>\n\t\t\t<div class='gallery-icon landscape'>\n\t\t\t\t<a href='https:\/\/gav.hr\/?attachment_id=6098'><img width=\"150\" height=\"150\" src=\"https:\/\/gav.hr\/wp-content\/uploads\/2019\/02\/3-150x150.jpg\" class=\"attachment-thumbnail size-thumbnail\" alt=\"\" loading=\"lazy\" srcset=\"https:\/\/gav.hr\/wp-content\/uploads\/2019\/02\/3-150x150.jpg 150w, https:\/\/gav.hr\/wp-content\/uploads\/2019\/02\/3-144x144.jpg 144w\" sizes=\"(max-width: 150px) 100vw, 150px\" \/><\/a>\n\t\t\t<\/div><\/figure><figure class='gallery-item'>\n\t\t\t<div class='gallery-icon landscape'>\n\t\t\t\t<a href='https:\/\/gav.hr\/?attachment_id=6099'><img width=\"150\" height=\"150\" src=\"https:\/\/gav.hr\/wp-content\/uploads\/2019\/02\/4-150x150.jpg\" class=\"attachment-thumbnail size-thumbnail\" alt=\"\" loading=\"lazy\" srcset=\"https:\/\/gav.hr\/wp-content\/uploads\/2019\/02\/4-150x150.jpg 150w, https:\/\/gav.hr\/wp-content\/uploads\/2019\/02\/4-144x144.jpg 144w\" sizes=\"(max-width: 150px) 100vw, 150px\" \/><\/a>\n\t\t\t<\/div><\/figure><figure class='gallery-item'>\n\t\t\t<div class='gallery-icon portrait'>\n\t\t\t\t<a href='https:\/\/gav.hr\/?attachment_id=6100'><img width=\"150\" height=\"150\" src=\"https:\/\/gav.hr\/wp-content\/uploads\/2019\/02\/8-150x150.jpg\" class=\"attachment-thumbnail size-thumbnail\" alt=\"\" loading=\"lazy\" srcset=\"https:\/\/gav.hr\/wp-content\/uploads\/2019\/02\/8-150x150.jpg 150w, https:\/\/gav.hr\/wp-content\/uploads\/2019\/02\/8-144x144.jpg 144w\" sizes=\"(max-width: 150px) 100vw, 150px\" \/><\/a>\n\t\t\t<\/div><\/figure><figure class='gallery-item'>\n\t\t\t<div class='gallery-icon landscape'>\n\t\t\t\t<a href='https:\/\/gav.hr\/?attachment_id=6101'><img width=\"150\" height=\"150\" src=\"https:\/\/gav.hr\/wp-content\/uploads\/2019\/02\/9-150x150.jpg\" class=\"attachment-thumbnail size-thumbnail\" alt=\"\" loading=\"lazy\" srcset=\"https:\/\/gav.hr\/wp-content\/uploads\/2019\/02\/9-150x150.jpg 150w, https:\/\/gav.hr\/wp-content\/uploads\/2019\/02\/9-144x144.jpg 144w\" sizes=\"(max-width: 150px) 100vw, 150px\" \/><\/a>\n\t\t\t<\/div><\/figure><figure class='gallery-item'>\n\t\t\t<div class='gallery-icon landscape'>\n\t\t\t\t<a href='https:\/\/gav.hr\/?attachment_id=6102'><img width=\"150\" height=\"150\" src=\"https:\/\/gav.hr\/wp-content\/uploads\/2019\/02\/12-150x150.jpg\" class=\"attachment-thumbnail size-thumbnail\" alt=\"\" loading=\"lazy\" srcset=\"https:\/\/gav.hr\/wp-content\/uploads\/2019\/02\/12-150x150.jpg 150w, https:\/\/gav.hr\/wp-content\/uploads\/2019\/02\/12-144x144.jpg 144w\" sizes=\"(max-width: 150px) 100vw, 150px\" \/><\/a>\n\t\t\t<\/div><\/figure>\n\t\t<\/div>\n\n","protected":false},"excerpt":{"rendered":"<p>U \u010detvrtak, 21. velja\u010de 2019. godine otvorena je izlo\u017eba &#8220;Stara u\u010dila u nastavi \u0161ibenske Gimnazije&#8221; koja se mo\u017ee razgledati u Gradskoj knji\u017enici Jurja \u0160i\u017egori\u0107a do 10. o\u017eujka 2019.<\/p>\n","protected":false},"author":2,"featured_media":0,"comment_status":"closed","ping_status":"closed","sticky":false,"template":"","format":"standard","meta":{"ngg_post_thumbnail":0,"_links_to":"","_links_to_target":""},"categories":[22,8],"tags":[],"_links":{"self":[{"href":"https:\/\/gav.hr\/index.php?rest_route=\/wp\/v2\/posts\/6096"}],"collection":[{"href":"https:\/\/gav.hr\/index.php?rest_route=\/wp\/v2\/posts"}],"about":[{"href":"https:\/\/gav.hr\/index.php?rest_route=\/wp\/v2\/types\/post"}],"author":[{"embeddable":true,"href":"https:\/\/gav.hr\/index.php?rest_route=\/wp\/v2\/users\/2"}],"replies":[{"embeddable":true,"href":"https:\/\/gav.hr\/index.php?rest_route=%2Fwp%2Fv2%2Fcomments&post=6096"}],"version-history":[{"count":6,"href":"https:\/\/gav.hr\/index.php?rest_route=\/wp\/v2\/posts\/6096\/revisions"}],"predecessor-version":[{"id":6109,"href":"https:\/\/gav.hr\/index.php?rest_route=\/wp\/v2\/posts\/6096\/revisions\/6109"}],"wp:attachment":[{"href":"https:\/\/gav.hr\/index.php?rest_route=%2Fwp%2Fv2%2Fmedia&parent=6096"}],"wp:term":[{"taxonomy":"category","embeddable":true,"href":"https:\/\/gav.hr\/index.php?rest_route=%2Fwp%2Fv2%2Fcategories&post=6096"},{"taxonomy":"post_tag","embeddable":true,"href":"https:\/\/gav.hr\/index.php?rest_route=%2Fwp%2Fv2%2Ftags&post=6096"}],"curies":[{"name":"wp","href":"https:\/\/api.w.org\/{rel}","templated":true}]}}