{"id":6288,"date":"2019-04-02T11:00:55","date_gmt":"2019-04-02T09:00:55","guid":{"rendered":"http:\/\/gav.hr\/?p=6288"},"modified":"2021-01-12T20:08:53","modified_gmt":"2021-01-12T18:08:53","slug":"klapa-gimnazijalke-odrzala-koncert-u-hnk-sibenik","status":"publish","type":"post","link":"https:\/\/gav.hr\/?p=6288","title":{"rendered":"Klapa Gimnazijalke odr\u017eala koncert u HNK \u0160ibenik"},"content":{"rendered":"\n<p>Koncert klape &#8220;Gimnazijalke&#8221; koji je odr\u017ean 29. o\u017eujka u Hrvatskom narodnom kazali\u0161tu, nije bio amaterska \u0161kolska priredba nego prvorazredni gala koncert koji je pokazao svu rasko\u0161 talenta, nadahnu\u0107a i rada u\u010denika Gimnazije Antuna Vran\u010di\u0107a i njihovih profesora.\n<strong><!--more Vi\u0161e--><\/strong> Najavljen skromno, koncert klape &#8220;Gimnazijalke&#8221; privukao je brojnu  publiku koja je, ako je i do\u0161la iz roditeljske ili generacijske  solidarnosti, oti\u0161la vi\u0161estruko nagra\u0111ena i oboga\u0107ena spoznajom \u0161to  \u0161ibenska mladost mo\u017ee i koliko vrijedi.<\/p>\n\n\n\n<p>Prije svega sama klapa &#8220;Gimnazijalke&#8221;, <strong>Tonka  Belamari\u0107, Marija Cvitan Gulam, Sara Koljnrekaj, Lucija Marija Bili\u0107,  Paula Jelov\u010di\u0107, Marija Vuleti\u0107, Ana Re\u0161kov, Tea Smoli\u0107 &#8211; Ro\u010dak, Lana  Plan\u010di\u0107<\/strong> i<strong> Luca Mikulandra<\/strong>, koju vodi profesorica <strong>Lorana Antunac<\/strong>,  prezentirala je izvanredne vokalne interpretacije. Njihove izvedbe i  tradicionalnih pjesama kao i obrade suvremenih pjesama, skladni su i  suptilni glazbeni biseri. Njihov koncert bio je sjajno izbalansiran, a  odluka da &#8220;Gimnazijalke&#8221; pjevaju bez razglasa i bilo kakvih  elektroni\u010dkih pomagala, cijeli je koncert uzdigla na tako visoku razinu  da ga se mo\u017ee nazvati gala koncertom.<\/p>\n\n\n\n<p>\u017denska klapa \u0161ibenske  gimnazije, kojoj pripadaju najve\u0107i komplimenti, u\u010dinila je jo\u0161 jednu  vrijednu gestu. Svoj prostor i vrijeme u Hrvatskom narodnom kazali\u0161tu  \u0160ibenik, podijelila je sa svojim vr\u0161njacima. Nastup <strong>Male klape<\/strong> koju je pratio gitarist <strong>Luka \u0106evid<\/strong>, bio je prava glazbena poslastica, dok su pijanist <strong>Tedi Trkulja<\/strong> i violon\u010delistica <strong>Nina Lucija Perina<\/strong> svojim kratkim, ali umjetni\u010dki uvjerljivim nastupom podigli dvoranu na noge.<br>Poseban ton gala koncertu klape &#8220;Gimnazijalke&#8221; dao je \u0161ibenski pjesnik <strong>Frane Bili\u0107<\/strong>, koji je za ovu prigodu, nakon uvodnih nostalgi\u010dnih strofa, poentirao svojom <strong>anga\u017eiranom poezijom<\/strong>  i britkim stihovima koji seciraju hrvatsku sada\u0161njost. Takvih izborom  pokazao je koliko po\u0161tuje gimnazijalce i koliko ih cijeni kao budu\u0107e  intelektualce, a ujedno im je dao do znanja da u njima vidi nosioce  promjena i boljih vremena za Hrvatsku.<\/p>\n\n\n\n<p>Koncert klape  &#8220;Gimnazijalke&#8221; bio je kulturni i umjetni\u010dki doga\u0111aj za pam\u0107enje, ali i  doga\u0111aj za kakvima \u0160ibenik vapi kao suha zemlja za ki\u0161om.<\/p>\n\n\n\n<figure class=\"wp-block-image\"><img loading=\"lazy\" width=\"800\" height=\"516\" src=\"http:\/\/gav.hr\/wp-content\/uploads\/2019\/04\/c2025956a2960a2369a7d24039ac47c2_XL.jpg\" alt=\"\" class=\"wp-image-6291\" srcset=\"https:\/\/gav.hr\/wp-content\/uploads\/2019\/04\/c2025956a2960a2369a7d24039ac47c2_XL.jpg 800w, https:\/\/gav.hr\/wp-content\/uploads\/2019\/04\/c2025956a2960a2369a7d24039ac47c2_XL-300x194.jpg 300w, https:\/\/gav.hr\/wp-content\/uploads\/2019\/04\/c2025956a2960a2369a7d24039ac47c2_XL-768x495.jpg 768w\" sizes=\"(max-width: 800px) 100vw, 800px\" \/><\/figure>\n\n\n\n<p><strong>Napomena: \u010dlanak je preuzet s portala \u0160ibenik News <\/strong><\/p>\n\n\n\n<p>Autor \u010dlanka: Diana Feri\u0107<\/p>\n\n\n\n<p><a href=\"https:\/\/mok.hr\/vijesti\/item\/28212-koncert-klapa-gimnazijalke-bio-je-to-gala-koncert-a-ne-skolska-priredba\">https:\/\/mok.hr\/vijesti\/item\/28212-koncert-klapa-gimnazijalke-bio-je-to-gala-koncert-a-ne-skolska-priredba<\/a><br><\/p>\n","protected":false},"excerpt":{"rendered":"<p>Koncert klape &#8220;Gimnazijalke&#8221; koji je odr\u017ean 29. o\u017eujka u Hrvatskom narodnom kazali\u0161tu, nije bio amaterska \u0161kolska priredba nego prvorazredni gala koncert koji je pokazao svu rasko\u0161 talenta, nadahnu\u0107a i rada u\u010denika Gimnazije Antuna Vran\u010di\u0107a i njihovih profesora.<\/p>\n","protected":false},"author":2,"featured_media":0,"comment_status":"closed","ping_status":"closed","sticky":false,"template":"","format":"standard","meta":{"ngg_post_thumbnail":0,"_links_to":"","_links_to_target":""},"categories":[22,8],"tags":[],"_links":{"self":[{"href":"https:\/\/gav.hr\/index.php?rest_route=\/wp\/v2\/posts\/6288"}],"collection":[{"href":"https:\/\/gav.hr\/index.php?rest_route=\/wp\/v2\/posts"}],"about":[{"href":"https:\/\/gav.hr\/index.php?rest_route=\/wp\/v2\/types\/post"}],"author":[{"embeddable":true,"href":"https:\/\/gav.hr\/index.php?rest_route=\/wp\/v2\/users\/2"}],"replies":[{"embeddable":true,"href":"https:\/\/gav.hr\/index.php?rest_route=%2Fwp%2Fv2%2Fcomments&post=6288"}],"version-history":[{"count":19,"href":"https:\/\/gav.hr\/index.php?rest_route=\/wp\/v2\/posts\/6288\/revisions"}],"predecessor-version":[{"id":6313,"href":"https:\/\/gav.hr\/index.php?rest_route=\/wp\/v2\/posts\/6288\/revisions\/6313"}],"wp:attachment":[{"href":"https:\/\/gav.hr\/index.php?rest_route=%2Fwp%2Fv2%2Fmedia&parent=6288"}],"wp:term":[{"taxonomy":"category","embeddable":true,"href":"https:\/\/gav.hr\/index.php?rest_route=%2Fwp%2Fv2%2Fcategories&post=6288"},{"taxonomy":"post_tag","embeddable":true,"href":"https:\/\/gav.hr\/index.php?rest_route=%2Fwp%2Fv2%2Ftags&post=6288"}],"curies":[{"name":"wp","href":"https:\/\/api.w.org\/{rel}","templated":true}]}}