{"id":6308,"date":"2019-04-03T19:31:39","date_gmt":"2019-04-03T17:31:39","guid":{"rendered":"http:\/\/gav.hr\/?p=6308"},"modified":"2021-01-12T20:04:59","modified_gmt":"2021-01-12T18:04:59","slug":"promocija-pegle-14-ozujka","status":"publish","type":"post","link":"https:\/\/gav.hr\/?p=6308","title":{"rendered":"Promocija Pegle"},"content":{"rendered":"\n<p>U \u010detvrtak, 14. o\u017eujka, u Gradskoj knji\u017enici \u0160ibenik, odr\u017eana je promocija \u0161kolskog lista Pegla. Mentorica i voditeljica novinarske grupe Ana Vi\u0161nji\u0107, prof., prisutnima je kratko predstavila ovogodi\u0161nji broj \u0161kolskog lista. <strong><!--more Vi\u0161e--><\/strong> Zamisao je bila stvoriti broj koji \u0107e odra\u017eavati \u017eivot na\u0161e \u0161kole, u\u010denika i profesora, te koji ne bi bio pretjerano ozbiljan. Unato\u010d tome, u\u010denici su se dotakli i ozbiljnih tema poput ekologije, \u0161trajka profesora i predrasuda me\u0111u u\u010deni\u010dkom populacijom. Va\u017eno je istaknuti da je velika novost ta da su ove godine, po prvi put otkako izlazi list, u\u010denici sami grafi\u010dki uredili Peglu. Proces grafi\u010dkog ure\u0111ivanja Pegle nije bio nimalo jednostavan. Ipak, taj dio posla bio je izuzetno zanimljiv i zabavan, a nadasve pou\u010dan.<\/p>\n\n\n\n<p>Svoje je dojmove prisutnima prepri\u010dala i glavna urednica Petra Mari\u010di\u0107, u\u010denica 4.b razreda, koja je vrlo detaljno opisala i predstavila Peglu, rubrike i tekstove. Uz nju, Peglu je predstavila i Laura Gali\u0107, u\u010denica 2.c razreda.<\/p>\n\n\n\n<p>Promociju su svojim nastupima obogatili brojni talentirani gimnazijalci: klapa \u201cGimnazijalke\u201d, Luka \u0106evid (gitara), Bernarda Klarin (recitacija) i Lana Plan\u010di\u0107 (violina).<\/p>\n","protected":false},"excerpt":{"rendered":"<p>U \u010detvrtak, 14. o\u017eujka, u Gradskoj knji\u017enici \u0160ibenik, odr\u017eana je promocija \u0161kolskog lista Pegla. Mentorica i voditeljica novinarske grupe Ana Vi\u0161nji\u0107, prof., prisutnima je kratko predstavila ovogodi\u0161nji broj \u0161kolskog lista.<\/p>\n","protected":false},"author":2,"featured_media":0,"comment_status":"closed","ping_status":"closed","sticky":false,"template":"","format":"standard","meta":{"ngg_post_thumbnail":0,"_links_to":"","_links_to_target":""},"categories":[22,8],"tags":[],"_links":{"self":[{"href":"https:\/\/gav.hr\/index.php?rest_route=\/wp\/v2\/posts\/6308"}],"collection":[{"href":"https:\/\/gav.hr\/index.php?rest_route=\/wp\/v2\/posts"}],"about":[{"href":"https:\/\/gav.hr\/index.php?rest_route=\/wp\/v2\/types\/post"}],"author":[{"embeddable":true,"href":"https:\/\/gav.hr\/index.php?rest_route=\/wp\/v2\/users\/2"}],"replies":[{"embeddable":true,"href":"https:\/\/gav.hr\/index.php?rest_route=%2Fwp%2Fv2%2Fcomments&post=6308"}],"version-history":[{"count":5,"href":"https:\/\/gav.hr\/index.php?rest_route=\/wp\/v2\/posts\/6308\/revisions"}],"predecessor-version":[{"id":6314,"href":"https:\/\/gav.hr\/index.php?rest_route=\/wp\/v2\/posts\/6308\/revisions\/6314"}],"wp:attachment":[{"href":"https:\/\/gav.hr\/index.php?rest_route=%2Fwp%2Fv2%2Fmedia&parent=6308"}],"wp:term":[{"taxonomy":"category","embeddable":true,"href":"https:\/\/gav.hr\/index.php?rest_route=%2Fwp%2Fv2%2Fcategories&post=6308"},{"taxonomy":"post_tag","embeddable":true,"href":"https:\/\/gav.hr\/index.php?rest_route=%2Fwp%2Fv2%2Ftags&post=6308"}],"curies":[{"name":"wp","href":"https:\/\/api.w.org\/{rel}","templated":true}]}}