{"id":6493,"date":"2019-04-30T23:18:46","date_gmt":"2019-04-30T21:18:46","guid":{"rendered":"http:\/\/gav.hr\/?p=6493"},"modified":"2019-05-08T16:38:37","modified_gmt":"2019-05-08T14:38:37","slug":"gimnazija-dio-projekta-sinergija-odrzivog-razvoja-i-poduzetnicke-aktivnosti-u-skolskim-klupama","status":"publish","type":"post","link":"https:\/\/gav.hr\/?p=6493","title":{"rendered":"Gimnazija dio projekta &#8220;Sinergija odr\u017eivog razvoja i poduzetni\u010dke aktivnosti u \u0161kolskim klupama&#8221;"},"content":{"rendered":"\n<p>Gimnazija Antuna Vran\u010di\u0107a kao partner sudjeluje u aktivnostima projekta &#8220;Sinergija odr\u017eivog razvoja i poduzetni\u010dke aktivnosti u \u0161kolskim klupama&#8221;, u sklopu istoimenog programa. Program traje od o\u017eujka 2019. do o\u017eujka 2020., sufinancira ga Vlada Republike Hrvatske, a glavni nositelj projekta je Centar za edukaciju i savjetovanje Sunce. <strong><!--more Vi\u0161e--><\/strong> Kroz sudjelovanje u projektu u\u010denici \u0107e usvajati znanja iz podru\u010dja odr\u017eivog razvoja i poduzetni\u0161tva. U\u010denici \u0107e sudjelovati u 6 razli\u010ditih aktivnosti kroz koje \u0107e se poticati vrline bitne za uspjeh u poduzetni\u0161tvu. Aktivnosti \u0107e se provoditi u \u010detiri \u017eupanije, i to u dva razreda osnovnih i srednjih \u0161kola.<\/p>\n<p>Vi\u0161e informacija o projektu i aktivnostima projekta mo\u017eete vidjeti na prilo\u017eenoj poveznici.<\/p>\n<p>Informacije o prvoj radionici koja \u0107e se odr\u017eati u Gimnaziji, &#8220;Mali dru\u0161tveno odgovoran poduzetnik krije se u meni&#8221;, nalaze se na drugoj prilo\u017eenoj poveznici.<\/p>\n\n<p style=\"font-weight: bold\"><a href=\"http:\/\/gav.hr\/wp-content\/uploads\/2019\/04\/Sinergija_osnovne-info_Za-web.pdf\">INFORMACIJE O PROJEKTU<\/a><\/p>\n\n<p style=\"font-weight: bold\"><a href=\"http:\/\/gav.hr\/wp-content\/uploads\/2019\/04\/Sinergija_1-radionica_za-web.pdf\">OBAVIJEST O PRVOJ RADIONICI<\/a><\/p>\n\n\n\n\n<figure class=\"wp-block-image\"><img src=\"http:\/\/gav.hr\/wp-content\/uploads\/2019\/04\/Projekt_Sinergija_logo-1024x185.jpg\" alt=\"logo CH-HR Vlada RH Sunce\"\/><\/figure>\n\n<p style=\"font-weight: bold\">ODR\u017dANA PRVA RADIONICA<\/p>\n<style type=\"text\/css\">\n.post-gallery a {position: relative; display: inline-flex;}\n.post-gallery .is-video:before {\n    content: \"\\f236\"; position: absolute; font-family: Dashicons; font-size: 50px;\n    color: #fff; align-self: center; left: calc(50% - 25px); text-shadow: 0 0 4px #000;\n}\n.post-gallery .is-video:hover:before {color: rgba(255,255,255,0.8); text-shadow: none;}\n<\/style>\n<div class=\"post-gallery\">\n            <a href=\"http:\/\/gav.hr\/wp-content\/uploads\/2019\/04\/1_.jpg\"\n            class=\"swipebox \"\n            rel=\"post-gallery-6493\"\n            title=\"\"\n        >\n            <img src=\"http:\/\/gav.hr\/wp-content\/uploads\/2026\/04\/6515-1_-150x150.jpg\"\n                alt=\"\"\n            \/>\n        <\/a>\n            <a href=\"http:\/\/gav.hr\/wp-content\/uploads\/2019\/04\/2_.jpg\"\n            class=\"swipebox \"\n            rel=\"post-gallery-6493\"\n            title=\"\"\n        >\n            <img src=\"http:\/\/gav.hr\/wp-content\/uploads\/2026\/04\/6516-2_-150x150.jpg\"\n                alt=\"\"\n            \/>\n        <\/a>\n            <a href=\"http:\/\/gav.hr\/wp-content\/uploads\/2019\/04\/3_-1.jpg\"\n            class=\"swipebox \"\n            rel=\"post-gallery-6493\"\n            title=\"\"\n        >\n            <img src=\"http:\/\/gav.hr\/wp-content\/uploads\/2026\/04\/6517-3_-1-150x150.jpg\"\n                alt=\"\"\n            \/>\n        <\/a>\n            <a href=\"http:\/\/gav.hr\/wp-content\/uploads\/2019\/04\/4_.jpg\"\n            class=\"swipebox \"\n            rel=\"post-gallery-6493\"\n            title=\"\"\n        >\n            <img src=\"http:\/\/gav.hr\/wp-content\/uploads\/2026\/04\/6518-4_-150x150.jpg\"\n                alt=\"\"\n            \/>\n        <\/a>\n            <a href=\"http:\/\/gav.hr\/wp-content\/uploads\/2019\/04\/5_.jpg\"\n            class=\"swipebox \"\n            rel=\"post-gallery-6493\"\n            title=\"\"\n        >\n            <img src=\"http:\/\/gav.hr\/wp-content\/uploads\/2026\/04\/6519-5_-150x150.jpg\"\n                alt=\"\"\n            \/>\n        <\/a>\n    <\/div>\n","protected":false},"excerpt":{"rendered":"<p>Gimnazija Antuna Vran\u010di\u0107a kao partner sudjeluje u aktivnostima projekta &#8220;Sinergija odr\u017eivog razvoja i poduzetni\u010dke aktivnosti u \u0161kolskim klupama&#8221;, u sklopu istoimenog programa. Program traje od o\u017eujka 2019. do o\u017eujka 2020., sufinancira ga Vlada Republike Hrvatske, a glavni nositelj projekta je Centar za edukaciju i savjetovanje Sunce.<\/p>\n","protected":false},"author":2,"featured_media":0,"comment_status":"closed","ping_status":"closed","sticky":false,"template":"","format":"standard","meta":{"ngg_post_thumbnail":0,"_links_to":"","_links_to_target":""},"categories":[21,8],"tags":[],"_links":{"self":[{"href":"https:\/\/gav.hr\/index.php?rest_route=\/wp\/v2\/posts\/6493"}],"collection":[{"href":"https:\/\/gav.hr\/index.php?rest_route=\/wp\/v2\/posts"}],"about":[{"href":"https:\/\/gav.hr\/index.php?rest_route=\/wp\/v2\/types\/post"}],"author":[{"embeddable":true,"href":"https:\/\/gav.hr\/index.php?rest_route=\/wp\/v2\/users\/2"}],"replies":[{"embeddable":true,"href":"https:\/\/gav.hr\/index.php?rest_route=%2Fwp%2Fv2%2Fcomments&post=6493"}],"version-history":[{"count":6,"href":"https:\/\/gav.hr\/index.php?rest_route=\/wp\/v2\/posts\/6493\/revisions"}],"predecessor-version":[{"id":6522,"href":"https:\/\/gav.hr\/index.php?rest_route=\/wp\/v2\/posts\/6493\/revisions\/6522"}],"wp:attachment":[{"href":"https:\/\/gav.hr\/index.php?rest_route=%2Fwp%2Fv2%2Fmedia&parent=6493"}],"wp:term":[{"taxonomy":"category","embeddable":true,"href":"https:\/\/gav.hr\/index.php?rest_route=%2Fwp%2Fv2%2Fcategories&post=6493"},{"taxonomy":"post_tag","embeddable":true,"href":"https:\/\/gav.hr\/index.php?rest_route=%2Fwp%2Fv2%2Ftags&post=6493"}],"curies":[{"name":"wp","href":"https:\/\/api.w.org\/{rel}","templated":true}]}}