{"id":6505,"date":"2019-05-06T17:33:21","date_gmt":"2019-05-06T15:33:21","guid":{"rendered":"http:\/\/gav.hr\/?p=6505"},"modified":"2019-05-06T17:35:13","modified_gmt":"2019-05-06T15:35:13","slug":"ucenici-gimnazije-posjetili-pmf-u-splitu-u-sklopu-otvorenih-dana-fakulteta","status":"publish","type":"post","link":"https:\/\/gav.hr\/?p=6505","title":{"rendered":"U\u010denici Gimnazije posjetili PMF u Splitu u sklopu Otvorenih dana fakulteta"},"content":{"rendered":"\n<p>U\u010denici tre\u0107ih i \u010detvrtih razreda u pratnji profesorice biologije i kemije Josipe Bilu\u0161 i profesora fizike Tomislava Don\u0111ivi\u0107a posjetili su u petak 3. svibnja Prirodoslovno-matemati\u010dki fakultet u Splitu u sklopu Otvorenih dana fakulteta.<strong><!--more Vi\u0161e--><\/strong> U\u010denici su se mogli upoznati sa studijima na PMF-u, razgledati prostorije, u\u010dionice i  kabinete, te sudjelovati u nizu predavanja me\u0111u kojima su ona iz  mikrobiologije, botanike, op\u0107e fizike, kemije nutrijenata,  kombinatorike, matematike i informatike. U nastavku programa mogli su porazgovarati s profesorima i studentima o studiranju na fakultetu u Splitu. <\/p>\n\n\n<style type=\"text\/css\">\n.post-gallery a {position: relative; display: inline-flex;}\n.post-gallery .is-video:before {\n    content: \"\\f236\"; position: absolute; font-family: Dashicons; font-size: 50px;\n    color: #fff; align-self: center; left: calc(50% - 25px); text-shadow: 0 0 4px #000;\n}\n.post-gallery .is-video:hover:before {color: rgba(255,255,255,0.8); text-shadow: none;}\n<\/style>\n<div class=\"post-gallery\">\n            <a href=\"http:\/\/gav.hr\/wp-content\/uploads\/2019\/05\/1.jpg\"\n            class=\"swipebox \"\n            rel=\"post-gallery-6505\"\n            title=\"\"\n        >\n            <img src=\"http:\/\/gav.hr\/wp-content\/uploads\/2026\/05\/6506-1-150x150.jpg\"\n                alt=\"\"\n            \/>\n        <\/a>\n            <a href=\"http:\/\/gav.hr\/wp-content\/uploads\/2019\/05\/2.jpg\"\n            class=\"swipebox \"\n            rel=\"post-gallery-6505\"\n            title=\"\"\n        >\n            <img src=\"http:\/\/gav.hr\/wp-content\/uploads\/2026\/05\/6507-2-150x150.jpg\"\n                alt=\"\"\n            \/>\n        <\/a>\n            <a href=\"http:\/\/gav.hr\/wp-content\/uploads\/2019\/05\/3.jpg\"\n            class=\"swipebox \"\n            rel=\"post-gallery-6505\"\n            title=\"\"\n        >\n            <img src=\"http:\/\/gav.hr\/wp-content\/uploads\/2026\/05\/6508-3-150x150.jpg\"\n                alt=\"\"\n            \/>\n        <\/a>\n            <a href=\"http:\/\/gav.hr\/wp-content\/uploads\/2019\/05\/4.jpg\"\n            class=\"swipebox \"\n            rel=\"post-gallery-6505\"\n            title=\"\"\n        >\n            <img src=\"http:\/\/gav.hr\/wp-content\/uploads\/2026\/05\/6509-4-150x150.jpg\"\n                alt=\"\"\n            \/>\n        <\/a>\n    <\/div>\n","protected":false},"excerpt":{"rendered":"<p>U\u010denici tre\u0107ih i \u010detvrtih razreda u pratnji profesorice biologije i kemije Josipe Bilu\u0161 i profesora fizike Tomislava Don\u0111ivi\u0107a posjetili su u petak 3. svibnja Prirodoslovno-matemati\u010dki fakultet u Splitu u sklopu Otvorenih dana fakulteta.<\/p>\n","protected":false},"author":2,"featured_media":0,"comment_status":"closed","ping_status":"closed","sticky":false,"template":"","format":"standard","meta":{"ngg_post_thumbnail":0,"_links_to":"","_links_to_target":""},"categories":[8],"tags":[],"_links":{"self":[{"href":"https:\/\/gav.hr\/index.php?rest_route=\/wp\/v2\/posts\/6505"}],"collection":[{"href":"https:\/\/gav.hr\/index.php?rest_route=\/wp\/v2\/posts"}],"about":[{"href":"https:\/\/gav.hr\/index.php?rest_route=\/wp\/v2\/types\/post"}],"author":[{"embeddable":true,"href":"https:\/\/gav.hr\/index.php?rest_route=\/wp\/v2\/users\/2"}],"replies":[{"embeddable":true,"href":"https:\/\/gav.hr\/index.php?rest_route=%2Fwp%2Fv2%2Fcomments&post=6505"}],"version-history":[{"count":3,"href":"https:\/\/gav.hr\/index.php?rest_route=\/wp\/v2\/posts\/6505\/revisions"}],"predecessor-version":[{"id":6512,"href":"https:\/\/gav.hr\/index.php?rest_route=\/wp\/v2\/posts\/6505\/revisions\/6512"}],"wp:attachment":[{"href":"https:\/\/gav.hr\/index.php?rest_route=%2Fwp%2Fv2%2Fmedia&parent=6505"}],"wp:term":[{"taxonomy":"category","embeddable":true,"href":"https:\/\/gav.hr\/index.php?rest_route=%2Fwp%2Fv2%2Fcategories&post=6505"},{"taxonomy":"post_tag","embeddable":true,"href":"https:\/\/gav.hr\/index.php?rest_route=%2Fwp%2Fv2%2Ftags&post=6505"}],"curies":[{"name":"wp","href":"https:\/\/api.w.org\/{rel}","templated":true}]}}