{"id":6782,"date":"2019-06-18T21:34:32","date_gmt":"2019-06-18T19:34:32","guid":{"rendered":"http:\/\/gav.hr\/?p=6782"},"modified":"2019-06-18T21:43:22","modified_gmt":"2019-06-18T19:43:22","slug":"6782","status":"publish","type":"post","link":"https:\/\/gav.hr\/?p=6782","title":{"rendered":"Uspje\u0161no zavr\u0161en prvi ciklus aktivnosti u sklopu projekta \u201eSinergija odr\u017eivog razvoja i poduzetni\u010dke aktivnosti u \u0161kolskim klupama\u201c."},"content":{"rendered":"\n<p>Projekt se provodi u \u010detiri osnovne i \u010detiri srednje \u0161kole u Zagrebu, \u0160ibeniku, Sisku i Vukovaru i sufinancira ga Ured za udruge Vlade Republike Hrvatske.<strong><!--more Vi\u0161e--><\/strong><\/p>\n\n\n\n<p>Partneri i suradnici na projektu su: PRONI Centar za socijalno podu\u010davanje, Osijek, Osnovna \u0161kola Mitnica, Vukovar, Ekonomska \u0161kola, Vukovar, Srednja \u0161kola Viktorovac, Sisak, Gimnazija Antuna Vran\u010di\u0107a, \u0160ibenik, Osnovna \u0161kola Jurja \u0160i\u017egori\u0107a, \u0160ibenik, Osnovna \u0161kola Antuna Gustava Mato\u0161a, Zagreb, Prva gimnazija, Zagreb, Osnovna \u0161kola Galdovo, Sisak.<\/p>\n\n\n\n<p>U\u010denici aktivno razvijaju svoje poduzetni\u010dke potencijale i promi\u0161ljaju o dru\u0161tveno odgovornom pona\u0161anju u lokalnoj zajednici. <\/p>\n\n\n\n<p>Tijekom drugog polugodi\u0161ta \u0161kolske godine 2018.\/2019. u\u010denici su kroz niz aktivnosti poput: \u201eMoja odgovornost za moju bolju budu\u0107nost\u201c, \u201eInovativnost kroz o\u010duvanje zajednice u kojoj \u017eivimo\u201c, \u201eDonesimo odluke za bolju zajednicu\u201c i \u201cNa\u0161om inicijativnom mo\u017eemo pokrenuti promjene u zajednici\u201c, razvijali svoje poduzetni\u010dke potencijale sudjeluju\u0107i u projektu &#8220;Sinergija odr\u017eivog razvoja i poduzetni\u010dke aktivnosti u \u0161kolskim klupama&#8221;.<\/p>\n\n\n\n<p>Kroz osmi\u0161ljavanje poduzetni\u010dkih ideja i anga\u017eiranost u\naktivnostima moglo se vidjeti da djeci ma\u0161tovitosti ne nedostaje. Osmislili su\nrazli\u010dite ideje koje imaju temelj za dobre poduzetni\u010dke pothvate. Nau\u010dili su\nmetode kreativnog i funkcionalnog razmi\u0161ljanja koje \u0107e im zasigurno u\nbudu\u0107nosti pomo\u0107i da na kreativan i prakti\u010dan na\u010din rije\u0161e razli\u010dite \u017eivotne i\nposlovne izazove. Tako\u0111er, u\u010denici su nau\u010dili kriti\u010dki razmi\u0161ljati o problemima\nkao \u0161to su: siroma\u0161tvo, klimatske promjene, nedostupnost obrazovanja i sl. Za\nsvaki od navedenih problema sami su osmi\u0161ljavali rje\u0161enja, a \u0161to je najva\u017enije,\npokazali su i ozbiljnost u promi\u0161ljanju kako mogu vlastitim aktivizmom\npokrenuti promjene u lokalnoj zajednici. Projekt svojim aktivnostima dopunjava\nznanja i vje\u0161tine koje u\u010denici stje\u010du u redovnom \u0161kolskom programu. Projekcije\ngovore da \u0107e oko 60% pripadnika \u201eZ\u201c generacije (kojoj pripadaju i u\u010denici u\novom projektu) svoju karijeru razvijati u smjeru poduzetni\u0161tva, stoga ovaj\nprojekt razvija upravo te vje\u0161tine neophodne za razvoj karijere u\u010denika. <\/p>\n\n\n\n<p>Navedene aktivnosti dio su projekta \u201eSinergija odr\u017eivog razvoja i poduzetni\u010dke aktivnosti u \u0161kolskim klupama\u201c kojeg sufinancira Ured za udruge Vlade Republike Hrvatske. <\/p>\n\n\n\n<p>Veselimo se novoj \u0161kolskoj godini i svim radionicama i\ndrugim sadr\u017eajima koje \u0107emo s u\u010denicima nastaviti provoditi te razvoju njihovih\nnovih znanja i vje\u0161tina.<\/p>\n\n\n\n<ul class=\"wp-block-gallery columns-3 is-cropped\"><li class=\"blocks-gallery-item\"><figure><img loading=\"lazy\" width=\"151\" height=\"271\" src=\"http:\/\/gav.hr\/wp-content\/uploads\/2019\/06\/01.jpg\" alt=\"\" data-id=\"6791\" data-link=\"http:\/\/gav.hr\/?attachment_id=6791\" class=\"wp-image-6791\"\/><\/figure><\/li><li class=\"blocks-gallery-item\"><figure><img loading=\"lazy\" width=\"153\" height=\"271\" src=\"http:\/\/gav.hr\/wp-content\/uploads\/2019\/06\/02.jpg\" alt=\"\" data-id=\"6792\" data-link=\"http:\/\/gav.hr\/?attachment_id=6792\" class=\"wp-image-6792\"\/><\/figure><\/li><li class=\"blocks-gallery-item\"><figure><img loading=\"lazy\" width=\"153\" height=\"271\" src=\"http:\/\/gav.hr\/wp-content\/uploads\/2019\/06\/03.jpg\" alt=\"\" data-id=\"6793\" data-link=\"http:\/\/gav.hr\/?attachment_id=6793\" class=\"wp-image-6793\"\/><\/figure><\/li><\/ul>\n","protected":false},"excerpt":{"rendered":"<p>Projekt se provodi u \u010detiri osnovne i \u010detiri srednje \u0161kole u Zagrebu, \u0160ibeniku, Sisku i Vukovaru i sufinancira ga Ured za udruge Vlade Republike Hrvatske.<\/p>\n","protected":false},"author":2,"featured_media":0,"comment_status":"closed","ping_status":"closed","sticky":false,"template":"","format":"standard","meta":{"ngg_post_thumbnail":0,"_links_to":"","_links_to_target":""},"categories":[21,8],"tags":[],"_links":{"self":[{"href":"https:\/\/gav.hr\/index.php?rest_route=\/wp\/v2\/posts\/6782"}],"collection":[{"href":"https:\/\/gav.hr\/index.php?rest_route=\/wp\/v2\/posts"}],"about":[{"href":"https:\/\/gav.hr\/index.php?rest_route=\/wp\/v2\/types\/post"}],"author":[{"embeddable":true,"href":"https:\/\/gav.hr\/index.php?rest_route=\/wp\/v2\/users\/2"}],"replies":[{"embeddable":true,"href":"https:\/\/gav.hr\/index.php?rest_route=%2Fwp%2Fv2%2Fcomments&post=6782"}],"version-history":[{"count":6,"href":"https:\/\/gav.hr\/index.php?rest_route=\/wp\/v2\/posts\/6782\/revisions"}],"predecessor-version":[{"id":6794,"href":"https:\/\/gav.hr\/index.php?rest_route=\/wp\/v2\/posts\/6782\/revisions\/6794"}],"wp:attachment":[{"href":"https:\/\/gav.hr\/index.php?rest_route=%2Fwp%2Fv2%2Fmedia&parent=6782"}],"wp:term":[{"taxonomy":"category","embeddable":true,"href":"https:\/\/gav.hr\/index.php?rest_route=%2Fwp%2Fv2%2Fcategories&post=6782"},{"taxonomy":"post_tag","embeddable":true,"href":"https:\/\/gav.hr\/index.php?rest_route=%2Fwp%2Fv2%2Ftags&post=6782"}],"curies":[{"name":"wp","href":"https:\/\/api.w.org\/{rel}","templated":true}]}}