{"id":680,"date":"2013-03-14T14:19:26","date_gmt":"2013-03-14T14:19:26","guid":{"rendered":"http:\/\/gav.hr\/?p=680"},"modified":"2013-03-23T11:39:45","modified_gmt":"2013-03-23T11:39:45","slug":"predstavljen-novi-broj-pegle","status":"publish","type":"post","link":"https:\/\/gav.hr\/?p=680","title":{"rendered":"Predstavljen novi broj Pegle"},"content":{"rendered":"<p>Sino\u0107 je u Gradskoj knji\u017enici predstavljen novi broj Pegle, \u010dasopisa Gimnazije Antuna Vran\u010di\u0107a.\u010casopis su prezentirale Dora Bumber i Martina \u017dic, urednica i njena zamjenica, predstaviv\u0161i publici niz tema i doga\u0111anja koji su ovoga puta zaslu\u017eili svoje mjesto u Pegli: Od neizostavne Vrane i Antuna, zaslu\u017enih nagra\u0111ivanih u\u010denika do zabavnih karikatura i stripova. &#8216;Naj\u0161ibenskija naslovnica dosad&#8217; posve\u0107ena je grafitima \u0160ibenskih Funcuta, a cijeli \u010dasopis pro\u017eet je pozitivnim tonom, aktivnostima i uspjesima u\u010denika, ali i pomaku na kulturno-glazbenoj sceni \u0160ibenika.Ravnateljica Gimnazije Ivanica Belamari\u0107 kazala je kako je Pegla rezultat velikog truda gimnazijalaca.Prezentaciju su za\u010dinili\u00a0 Matej Naki\u0107 i Dora Josipovi\u0107, izvrsnim glazbenim to\u010dkama uz gitaru.<\/p>\n<p><a href=\"http:\/\/gav.hr\/wp-content\/uploads\/2013\/03\/IMG_1359.jpg\"><img loading=\"lazy\" class=\"alignleft size-full wp-image-681\" alt=\"IMG_1359\" src=\"http:\/\/gav.hr\/wp-content\/uploads\/2013\/03\/IMG_1359.jpg\" width=\"430\" height=\"309\" srcset=\"https:\/\/gav.hr\/wp-content\/uploads\/2013\/03\/IMG_1359.jpg 640w, https:\/\/gav.hr\/wp-content\/uploads\/2013\/03\/IMG_1359-300x215.jpg 300w, https:\/\/gav.hr\/wp-content\/uploads\/2013\/03\/IMG_1359-244x175.jpg 244w\" sizes=\"(max-width: 430px) 100vw, 430px\" \/><\/a><\/p>\n","protected":false},"excerpt":{"rendered":"<p>Sino\u0107 je u Gradskoj knji\u017enici predstavljen novi broj Pegle, \u010dasopisa Gimnazije Antuna Vran\u010di\u0107a.\u010casopis su prezentirale Dora Bumber i Martina \u017dic, urednica i njena zamjenica, predstaviv\u0161i publici niz tema i doga\u0111anja koji su ovoga puta zaslu\u017eili svoje mjesto u Pegli: Od neizostavne Vrane i Antuna, zaslu\u017enih nagra\u0111ivanih u\u010denika do zabavnih karikatura i stripova. &#8216;Naj\u0161ibenskija naslovnica dosad&#8217;&hellip;<\/p>\n","protected":false},"author":6,"featured_media":682,"comment_status":"closed","ping_status":"closed","sticky":false,"template":"","format":"standard","meta":{"ngg_post_thumbnail":0,"_links_to":"","_links_to_target":""},"categories":[6,8],"tags":[],"_links":{"self":[{"href":"https:\/\/gav.hr\/index.php?rest_route=\/wp\/v2\/posts\/680"}],"collection":[{"href":"https:\/\/gav.hr\/index.php?rest_route=\/wp\/v2\/posts"}],"about":[{"href":"https:\/\/gav.hr\/index.php?rest_route=\/wp\/v2\/types\/post"}],"author":[{"embeddable":true,"href":"https:\/\/gav.hr\/index.php?rest_route=\/wp\/v2\/users\/6"}],"replies":[{"embeddable":true,"href":"https:\/\/gav.hr\/index.php?rest_route=%2Fwp%2Fv2%2Fcomments&post=680"}],"version-history":[{"count":4,"href":"https:\/\/gav.hr\/index.php?rest_route=\/wp\/v2\/posts\/680\/revisions"}],"predecessor-version":[{"id":684,"href":"https:\/\/gav.hr\/index.php?rest_route=\/wp\/v2\/posts\/680\/revisions\/684"}],"wp:featuredmedia":[{"embeddable":true,"href":"https:\/\/gav.hr\/index.php?rest_route=\/wp\/v2\/media\/682"}],"wp:attachment":[{"href":"https:\/\/gav.hr\/index.php?rest_route=%2Fwp%2Fv2%2Fmedia&parent=680"}],"wp:term":[{"taxonomy":"category","embeddable":true,"href":"https:\/\/gav.hr\/index.php?rest_route=%2Fwp%2Fv2%2Fcategories&post=680"},{"taxonomy":"post_tag","embeddable":true,"href":"https:\/\/gav.hr\/index.php?rest_route=%2Fwp%2Fv2%2Ftags&post=680"}],"curies":[{"name":"wp","href":"https:\/\/api.w.org\/{rel}","templated":true}]}}