{"id":6860,"date":"2019-07-02T22:54:52","date_gmt":"2019-07-02T20:54:52","guid":{"rendered":"http:\/\/gav.hr\/?p=6860"},"modified":"2021-01-12T20:06:32","modified_gmt":"2021-01-12T18:06:32","slug":"nastup-klape-gimnazijalke-na-5-klapskoj-serenadi-pod-forticom-sv-ane","status":"publish","type":"post","link":"https:\/\/gav.hr\/?p=6860","title":{"rendered":"Nastup klape Gimnazijalke na 5. klapskoj serenadi &#8220;Pod forticom sv. Ane&#8221;"},"content":{"rendered":"\n<p>Dana 1. srpnja 2019. na Gorici je odr\u017eana 5. klapska serenada \u2018Pod forticom sv. Ane\u2019. Nastupile su klapa Gimnazijalke, Brodarica i Piva\u010di svetog Jakova iz \u0160ibenika, klapa Skradinski buk iz Skradina i Bunari iz Vodica.<strong><!--more Vi\u0161e--><\/strong> Koncert u organizaciji&nbsp;Zajednica udruga klapa iz \u0160ibensko-kninske \u017eupanije zami\u0161ljen je kao ispra\u0107aj klapa pred odlazak na kultni&nbsp;festival dalmatinskih klapa u Omi\u0161u.<\/p>\n\n\n\n<!-- default-view.php -->\n<div\n\tclass=\"ngg-galleryoverview default-view \"\n\tid=\"ngg-gallery-38acd01a50502b67dfd47d67110eb827-1\">\n\n\t\t<!-- Thumbnails -->\n\t\t\t\t<div id=\"ngg-image-0\" class=\"ngg-gallery-thumbnail-box ngg-3-columns\" >\n\t\t\t\t        <div class=\"ngg-gallery-thumbnail\">\n            <a href=\"https:\/\/gav.hr\/wp-content\/gallery\/klapa-gimnazijalke-pod-forticom-sv-ane-2019\/01.jpg\"\n               title=\"\"\n               data-src=\"https:\/\/gav.hr\/wp-content\/gallery\/klapa-gimnazijalke-pod-forticom-sv-ane-2019\/01.jpg\"\n               data-thumbnail=\"https:\/\/gav.hr\/wp-content\/gallery\/klapa-gimnazijalke-pod-forticom-sv-ane-2019\/thumbs\/thumbs_01.jpg\"\n               data-image-id=\"55\"\n               data-title=\"01\"\n               data-description=\"\"\n               data-image-slug=\"01-3\"\n               class=\"ngg-simplelightbox\" rel=\"38acd01a50502b67dfd47d67110eb827\">\n                <img\n                    title=\"01\"\n                    alt=\"01\"\n                    src=\"https:\/\/gav.hr\/wp-content\/gallery\/klapa-gimnazijalke-pod-forticom-sv-ane-2019\/thumbs\/thumbs_01.jpg\"\n                    width=\"240\"\n                    height=\"160\"\n                    style=\"max-width:100%;\"\n                \/>\n            <\/a>\n        <\/div>\n\t\t\t\t\t\t\t<\/div> \n\t\t\t\n\t\t\t\t<div id=\"ngg-image-1\" class=\"ngg-gallery-thumbnail-box ngg-3-columns\" >\n\t\t\t\t        <div class=\"ngg-gallery-thumbnail\">\n            <a href=\"https:\/\/gav.hr\/wp-content\/gallery\/klapa-gimnazijalke-pod-forticom-sv-ane-2019\/02.jpg\"\n               title=\"\"\n               data-src=\"https:\/\/gav.hr\/wp-content\/gallery\/klapa-gimnazijalke-pod-forticom-sv-ane-2019\/02.jpg\"\n               data-thumbnail=\"https:\/\/gav.hr\/wp-content\/gallery\/klapa-gimnazijalke-pod-forticom-sv-ane-2019\/thumbs\/thumbs_02.jpg\"\n               data-image-id=\"56\"\n               data-title=\"02\"\n               data-description=\"\"\n               data-image-slug=\"02-3\"\n               class=\"ngg-simplelightbox\" rel=\"38acd01a50502b67dfd47d67110eb827\">\n                <img\n                    title=\"02\"\n                    alt=\"02\"\n                    src=\"https:\/\/gav.hr\/wp-content\/gallery\/klapa-gimnazijalke-pod-forticom-sv-ane-2019\/thumbs\/thumbs_02.jpg\"\n                    width=\"240\"\n                    height=\"160\"\n                    style=\"max-width:100%;\"\n                \/>\n            <\/a>\n        <\/div>\n\t\t\t\t\t\t\t<\/div> \n\t\t\t\n\t\t\t\t<div id=\"ngg-image-2\" class=\"ngg-gallery-thumbnail-box ngg-3-columns\" >\n\t\t\t\t        <div class=\"ngg-gallery-thumbnail\">\n            <a href=\"https:\/\/gav.hr\/wp-content\/gallery\/klapa-gimnazijalke-pod-forticom-sv-ane-2019\/03.jpg\"\n               title=\"\"\n               data-src=\"https:\/\/gav.hr\/wp-content\/gallery\/klapa-gimnazijalke-pod-forticom-sv-ane-2019\/03.jpg\"\n               data-thumbnail=\"https:\/\/gav.hr\/wp-content\/gallery\/klapa-gimnazijalke-pod-forticom-sv-ane-2019\/thumbs\/thumbs_03.jpg\"\n               data-image-id=\"57\"\n               data-title=\"03\"\n               data-description=\"\"\n               data-image-slug=\"03-3\"\n               class=\"ngg-simplelightbox\" rel=\"38acd01a50502b67dfd47d67110eb827\">\n                <img\n                    title=\"03\"\n                    alt=\"03\"\n                    src=\"https:\/\/gav.hr\/wp-content\/gallery\/klapa-gimnazijalke-pod-forticom-sv-ane-2019\/thumbs\/thumbs_03.jpg\"\n                    width=\"240\"\n                    height=\"160\"\n                    style=\"max-width:100%;\"\n                \/>\n            <\/a>\n        <\/div>\n\t\t\t\t\t\t\t<\/div> \n\t\t\t\n\t\t\t\t<div id=\"ngg-image-3\" class=\"ngg-gallery-thumbnail-box ngg-3-columns\" >\n\t\t\t\t        <div class=\"ngg-gallery-thumbnail\">\n            <a href=\"https:\/\/gav.hr\/wp-content\/gallery\/klapa-gimnazijalke-pod-forticom-sv-ane-2019\/04.jpg\"\n               title=\"\"\n               data-src=\"https:\/\/gav.hr\/wp-content\/gallery\/klapa-gimnazijalke-pod-forticom-sv-ane-2019\/04.jpg\"\n               data-thumbnail=\"https:\/\/gav.hr\/wp-content\/gallery\/klapa-gimnazijalke-pod-forticom-sv-ane-2019\/thumbs\/thumbs_04.jpg\"\n               data-image-id=\"58\"\n               data-title=\"04\"\n               data-description=\"\"\n               data-image-slug=\"04-3\"\n               class=\"ngg-simplelightbox\" rel=\"38acd01a50502b67dfd47d67110eb827\">\n                <img\n                    title=\"04\"\n                    alt=\"04\"\n                    src=\"https:\/\/gav.hr\/wp-content\/gallery\/klapa-gimnazijalke-pod-forticom-sv-ane-2019\/thumbs\/thumbs_04.jpg\"\n                    width=\"240\"\n                    height=\"160\"\n                    style=\"max-width:100%;\"\n                \/>\n            <\/a>\n        <\/div>\n\t\t\t\t\t\t\t<\/div> \n\t\t\t\n\t\n\t<br style=\"clear: both\" \/>\n\n\t\n\t\t<!-- Pagination -->\n\t<div class='ngg-clear'><\/div>\t<\/div>\n\n","protected":false},"excerpt":{"rendered":"<p>Dana 1. srpnja 2019. na Gorici je odr\u017eana 5. klapska serenada \u2018Pod forticom sv. Ane\u2019. Nastupile su klapa Gimnazijalke, Brodarica i Piva\u010di svetog Jakova iz \u0160ibenika, klapa Skradinski buk iz Skradina i Bunari iz Vodica.<\/p>\n","protected":false},"author":2,"featured_media":0,"comment_status":"closed","ping_status":"closed","sticky":false,"template":"","format":"standard","meta":{"ngg_post_thumbnail":0,"_links_to":"","_links_to_target":""},"categories":[22,8],"tags":[],"_links":{"self":[{"href":"https:\/\/gav.hr\/index.php?rest_route=\/wp\/v2\/posts\/6860"}],"collection":[{"href":"https:\/\/gav.hr\/index.php?rest_route=\/wp\/v2\/posts"}],"about":[{"href":"https:\/\/gav.hr\/index.php?rest_route=\/wp\/v2\/types\/post"}],"author":[{"embeddable":true,"href":"https:\/\/gav.hr\/index.php?rest_route=\/wp\/v2\/users\/2"}],"replies":[{"embeddable":true,"href":"https:\/\/gav.hr\/index.php?rest_route=%2Fwp%2Fv2%2Fcomments&post=6860"}],"version-history":[{"count":2,"href":"https:\/\/gav.hr\/index.php?rest_route=\/wp\/v2\/posts\/6860\/revisions"}],"predecessor-version":[{"id":6867,"href":"https:\/\/gav.hr\/index.php?rest_route=\/wp\/v2\/posts\/6860\/revisions\/6867"}],"wp:attachment":[{"href":"https:\/\/gav.hr\/index.php?rest_route=%2Fwp%2Fv2%2Fmedia&parent=6860"}],"wp:term":[{"taxonomy":"category","embeddable":true,"href":"https:\/\/gav.hr\/index.php?rest_route=%2Fwp%2Fv2%2Fcategories&post=6860"},{"taxonomy":"post_tag","embeddable":true,"href":"https:\/\/gav.hr\/index.php?rest_route=%2Fwp%2Fv2%2Ftags&post=6860"}],"curies":[{"name":"wp","href":"https:\/\/api.w.org\/{rel}","templated":true}]}}